{"id":1008,"date":"2018-10-23T11:05:13","date_gmt":"2018-10-23T14:05:13","guid":{"rendered":"http:\/\/miraserra.org.br\/?p=1008"},"modified":"2019-08-25T22:53:51","modified_gmt":"2019-08-26T01:53:51","slug":"ccn-ibama-em-primeira-reuniao","status":"publish","type":"post","link":"https:\/\/miraserra.org.br\/index.php\/2018\/10\/23\/ccn-ibama-em-primeira-reuniao\/","title":{"rendered":"CCN\/Ibama em primeira reuni\u00e3o"},"content":{"rendered":"\n<p>Primeira reuni\u00e3o da C\u00e2mara Consultiva Nacional de Convers\u00e3o de Multas do Ibama, ocorreu com a participa\u00e7\u00e3o das entidades ambientalistas eleitas. Instituto MIRASERRA (RS) e Instituto Mangue Vivo (PR)<br> estar\u00e3o representando a regi\u00e3o sul no bi\u00eanio 2018-2020. Em rela\u00e7\u00e3o aos editais de chamamento, a coordenadora presidente da MIRA-SERRA teve todas as suas propostas aprovadas para inclus\u00e3o nos eixos tem\u00e1ticos bem como de um novo, espec\u00edfico para a fauna silvestre.<\/p>\n\n\n\n<ul class=\"wp-block-gallery columns-3 is-cropped wp-block-gallery-1 is-layout-flex wp-block-gallery-is-layout-flex\"><li class=\"blocks-gallery-item\"><figure><img loading=\"lazy\" decoding=\"async\" width=\"768\" height=\"576\" src=\"http:\/\/miraserra.org.br\/wp-content\/uploads\/2019\/07\/20181023_095333-768x576.jpg\" alt=\"\" data-id=\"1010\" data-link=\"http:\/\/miraserra.org.br\/?attachment_id=1010\" class=\"wp-image-1010\" srcset=\"https:\/\/miraserra.org.br\/wp-content\/uploads\/2019\/07\/20181023_095333-768x576.jpg 768w, https:\/\/miraserra.org.br\/wp-content\/uploads\/2019\/07\/20181023_095333-768x576-300x225.jpg 300w\" sizes=\"auto, (max-width: 768px) 100vw, 768px\" \/><\/figure><\/li><li class=\"blocks-gallery-item\"><figure><img loading=\"lazy\" decoding=\"async\" width=\"800\" height=\"445\" src=\"http:\/\/miraserra.org.br\/wp-content\/uploads\/2019\/07\/20181023_095435-1-800x445-1.jpg\" alt=\"\" data-id=\"1011\" data-link=\"http:\/\/miraserra.org.br\/?attachment_id=1011\" class=\"wp-image-1011\" srcset=\"https:\/\/miraserra.org.br\/wp-content\/uploads\/2019\/07\/20181023_095435-1-800x445-1.jpg 800w, https:\/\/miraserra.org.br\/wp-content\/uploads\/2019\/07\/20181023_095435-1-800x445-1-300x167.jpg 300w, https:\/\/miraserra.org.br\/wp-content\/uploads\/2019\/07\/20181023_095435-1-800x445-1-768x427.jpg 768w\" sizes=\"auto, (max-width: 800px) 100vw, 800px\" \/><\/figure><\/li><li class=\"blocks-gallery-item\"><figure><img loading=\"lazy\" decoding=\"async\" width=\"768\" height=\"576\" src=\"http:\/\/miraserra.org.br\/wp-content\/uploads\/2019\/07\/20181023_121909-1-768x576.jpg\" alt=\"\" data-id=\"1012\" data-link=\"http:\/\/miraserra.org.br\/?attachment_id=1012\" class=\"wp-image-1012\" srcset=\"https:\/\/miraserra.org.br\/wp-content\/uploads\/2019\/07\/20181023_121909-1-768x576.jpg 768w, https:\/\/miraserra.org.br\/wp-content\/uploads\/2019\/07\/20181023_121909-1-768x576-300x225.jpg 300w\" sizes=\"auto, (max-width: 768px) 100vw, 768px\" \/><\/figure><\/li><\/ul>\n","protected":false},"excerpt":{"rendered":"<p>Primeira reuni\u00e3o da C\u00e2mara Consultiva Nacional de Convers\u00e3o de Multas do Ibama, ocorreu com a participa\u00e7\u00e3o das entidades ambientalistas eleitas.<\/p>\n","protected":false},"author":1,"featured_media":1009,"comment_status":"closed","ping_status":"closed","sticky":false,"template":"","format":"standard","meta":{"colormag_page_container_layout":"default_layout","colormag_page_sidebar_layout":"default_layout","_themeisle_gutenberg_block_has_review":false,"footnotes":""},"categories":[88],"tags":[],"class_list":["post-1008","post","type-post","status-publish","format-standard","has-post-thumbnail","hentry","category-ccn-ibama"],"_links":{"self":[{"href":"https:\/\/miraserra.org.br\/index.php\/wp-json\/wp\/v2\/posts\/1008","targetHints":{"allow":["GET"]}}],"collection":[{"href":"https:\/\/miraserra.org.br\/index.php\/wp-json\/wp\/v2\/posts"}],"about":[{"href":"https:\/\/miraserra.org.br\/index.php\/wp-json\/wp\/v2\/types\/post"}],"author":[{"embeddable":true,"href":"https:\/\/miraserra.org.br\/index.php\/wp-json\/wp\/v2\/users\/1"}],"replies":[{"embeddable":true,"href":"https:\/\/miraserra.org.br\/index.php\/wp-json\/wp\/v2\/comments?post=1008"}],"version-history":[{"count":1,"href":"https:\/\/miraserra.org.br\/index.php\/wp-json\/wp\/v2\/posts\/1008\/revisions"}],"predecessor-version":[{"id":1013,"href":"https:\/\/miraserra.org.br\/index.php\/wp-json\/wp\/v2\/posts\/1008\/revisions\/1013"}],"wp:featuredmedia":[{"embeddable":true,"href":"https:\/\/miraserra.org.br\/index.php\/wp-json\/wp\/v2\/media\/1009"}],"wp:attachment":[{"href":"https:\/\/miraserra.org.br\/index.php\/wp-json\/wp\/v2\/media?parent=1008"}],"wp:term":[{"taxonomy":"category","embeddable":true,"href":"https:\/\/miraserra.org.br\/index.php\/wp-json\/wp\/v2\/categories?post=1008"},{"taxonomy":"post_tag","embeddable":true,"href":"https:\/\/miraserra.org.br\/index.php\/wp-json\/wp\/v2\/tags?post=1008"}],"curies":[{"name":"wp","href":"https:\/\/api.w.org\/{rel}","templated":true}]}}