{"id":101,"date":"2019-03-20T05:00:31","date_gmt":"2019-03-20T08:00:31","guid":{"rendered":"http:\/\/demo.themefreesia.com\/magbook\/?p=101"},"modified":"2019-08-25T22:56:57","modified_gmt":"2019-08-26T01:56:57","slug":"what-my-daughter-whispered-to-me-that-caught-me-by-surprise","status":"publish","type":"post","link":"https:\/\/miraserra.org.br\/index.php\/2019\/03\/20\/what-my-daughter-whispered-to-me-that-caught-me-by-surprise\/","title":{"rendered":"CONAMA PARTIDO E HOSTIL"},"content":{"rendered":"<p>Show de constrangimentos, agress\u00f5es f\u00edsicas e separa\u00e7\u00e3o de salas entre titulares e suplentes marcou a Reuni\u00e3o Extraordin\u00e1ria do CONAMA, de hoje (20\/3\/19). Resumida a 3h, fato in\u00e9dito, a reuni\u00e3o ocorreu no pr\u00e9dio do Minist\u00e9rio do Meio Ambiente. Ao contr\u00e1rio do audit\u00f3rio no pr\u00e9dio do IBAMA, que permaneceu vazio nesta tarde, o audit\u00f3rio e a salinha distante dele n\u00e3o comportavam os conselheiros e demais interessados. As cadeiras estavam marcadas, impossibilitado a comunica\u00e7\u00e3o entre os conselheiros<br>\u201ctitulares\u201d do mesmo segmento. Guarda armada na frente da porta da sala dos \u201csuplentes\u201d. Visitantes foram retirados e direcionados para outra sala no 8\u00b0 Um conselheiro suplente, de governo estadual (segundo o crach\u00e1), foi agredido fisicamente,&nbsp; tendo<br>\u00f3culos quebrados, bra\u00e7o torcido, crach\u00e1 danificado e<br>visivelmente abalado. Eu me senti constrangida ao tentar convencer que sou conselheira tanto quanto o meu titular (de SP).&nbsp; O tel\u00e3o da sala dos \u201creservas\u201d s\u00f3 funcionou depois de iniciada a reuni\u00e3o do \u201ctime principal\u201d . Nada de concreto foi decidido\u2026 ainda.<br>Do que foi poss\u00edvel assistir no \u201cbanco reserva\u201d, fica a<br>decis\u00e3o de que n\u00e3o vamos esmorecer! Observa\u00e7\u00e3o: <em>Pelo Regimento Interno do CONAMA, as entidades<\/em><br><em>ambientalista n\u00e3o podem ser eleitas, como conselheiras, por mais de 2 bi\u00eanios consecutivos. Caso da MIRA-SERRA, que concluiu seu per\u00edodo no CONAMA. No entanto, a presidente da entidade foi<\/em><br><em>convidada a assumir como conselheira suplente da ONG SESBRA (SP), para o bi\u00eanio 2019-2020.<\/em><\/p>\n<p>Veja o que saiu na imprensa:<br><a href=\"https:\/\/www.redebrasilatual.com.br\/ambiente\/2019\/03\/truculenciamarca-reuniao-do-conama-sob-comando-de-ricardo-salles\" target=\"_blank\" rel=\"noopener noreferrer\">https:\/\/www.redebrasilatual.com.br\/ambiente\/2019\/03\/truculenciamarca-reuniao-do-conama-sob-comando-de-ricardo-salles<\/a><\/p>\n<p><a href=\"https:\/\/www1.folha.uol.com.br\/ambiente\/2019\/03\/na-1a-reuniaode-conselho-nacional-ambiental-salles-ignora-regimento-e-barrasuplentes.shtml?utm_source=whatsapp&amp;utm_medium=social&amp;utm_campaign=compwa\" target=\"_blank\" rel=\"noopener noreferrer\">https:\/\/www1.folha.uol.com.br\/ambiente\/2019\/03\/na-1a-reuniaode-conselho-nacional-ambiental-salles-ignora-regimento-e-barrasuplentes.shtml?utm_source=whatsapp&amp;utm_medium=social&amp;utm_campaign=compwa<\/a><\/p>\n\n\n<ul class=\"wp-block-gallery columns-3 is-cropped wp-block-gallery-1 is-layout-flex wp-block-gallery-is-layout-flex\"><li class=\"blocks-gallery-item\"><figure><img loading=\"lazy\" decoding=\"async\" width=\"300\" height=\"146\" src=\"http:\/\/miraserra.org.br\/wp-content\/uploads\/2019\/07\/54727408_2587035931310546_2815293982412636160_n-300x146.jpg\" alt=\"\" data-id=\"664\" data-link=\"http:\/\/miraserra.org.br\/index.php\/2019\/03\/20\/what-my-daughter-whispered-to-me-that-caught-me-by-surprise\/54727408_2587035931310546_2815293982412636160_n-300x146\/\" class=\"wp-image-664\"\/><\/figure><\/li><li class=\"blocks-gallery-item\"><figure><img loading=\"lazy\" decoding=\"async\" width=\"466\" height=\"960\" src=\"http:\/\/miraserra.org.br\/wp-content\/uploads\/2019\/07\/55516286_2587035991310540_8618316715144511488_n.jpg\" alt=\"\" data-id=\"665\" data-link=\"http:\/\/miraserra.org.br\/index.php\/2019\/03\/20\/what-my-daughter-whispered-to-me-that-caught-me-by-surprise\/55516286_2587035991310540_8618316715144511488_n\/\" class=\"wp-image-665\" srcset=\"https:\/\/miraserra.org.br\/wp-content\/uploads\/2019\/07\/55516286_2587035991310540_8618316715144511488_n.jpg 466w, https:\/\/miraserra.org.br\/wp-content\/uploads\/2019\/07\/55516286_2587035991310540_8618316715144511488_n-146x300.jpg 146w\" sizes=\"auto, (max-width: 466px) 100vw, 466px\" \/><\/figure><\/li><li class=\"blocks-gallery-item\"><figure><img loading=\"lazy\" decoding=\"async\" width=\"300\" height=\"146\" src=\"http:\/\/miraserra.org.br\/wp-content\/uploads\/2019\/07\/55590216_2587036031310536_541185627555627008_n-300x146.jpg\" alt=\"\" data-id=\"666\" data-link=\"http:\/\/miraserra.org.br\/index.php\/2019\/03\/20\/what-my-daughter-whispered-to-me-that-caught-me-by-surprise\/55590216_2587036031310536_541185627555627008_n-300x146\/\" class=\"wp-image-666\"\/><\/figure><\/li><li class=\"blocks-gallery-item\"><figure><img loading=\"lazy\" decoding=\"async\" width=\"300\" height=\"146\" src=\"http:\/\/miraserra.org.br\/wp-content\/uploads\/2019\/07\/55776282_2587036111310528_3671972492894797824_n-300x146.jpg\" alt=\"\" data-id=\"667\" data-link=\"http:\/\/miraserra.org.br\/index.php\/2019\/03\/20\/what-my-daughter-whispered-to-me-that-caught-me-by-surprise\/55776282_2587036111310528_3671972492894797824_n-300x146\/\" class=\"wp-image-667\"\/><\/figure><\/li><\/ul>\n","protected":false},"excerpt":{"rendered":"<p>Show de constrangimentos, agress\u00f5es f\u00edsicas e separa\u00e7\u00e3o de salas entre titulares e suplentes marcou a Reuni\u00e3o Extraordin\u00e1ria do CONAMA, de<\/p>\n","protected":false},"author":1,"featured_media":663,"comment_status":"closed","ping_status":"closed","sticky":false,"template":"","format":"standard","meta":{"colormag_page_container_layout":"default_layout","colormag_page_sidebar_layout":"default_layout","_themeisle_gutenberg_block_has_review":false,"footnotes":""},"categories":[56,73,60],"tags":[19],"class_list":["post-101","post","type-post","status-publish","format-standard","has-post-thumbnail","hentry","category-conama","category-noticias","category-principais","tag-tech"],"_links":{"self":[{"href":"https:\/\/miraserra.org.br\/index.php\/wp-json\/wp\/v2\/posts\/101","targetHints":{"allow":["GET"]}}],"collection":[{"href":"https:\/\/miraserra.org.br\/index.php\/wp-json\/wp\/v2\/posts"}],"about":[{"href":"https:\/\/miraserra.org.br\/index.php\/wp-json\/wp\/v2\/types\/post"}],"author":[{"embeddable":true,"href":"https:\/\/miraserra.org.br\/index.php\/wp-json\/wp\/v2\/users\/1"}],"replies":[{"embeddable":true,"href":"https:\/\/miraserra.org.br\/index.php\/wp-json\/wp\/v2\/comments?post=101"}],"version-history":[{"count":4,"href":"https:\/\/miraserra.org.br\/index.php\/wp-json\/wp\/v2\/posts\/101\/revisions"}],"predecessor-version":[{"id":684,"href":"https:\/\/miraserra.org.br\/index.php\/wp-json\/wp\/v2\/posts\/101\/revisions\/684"}],"wp:featuredmedia":[{"embeddable":true,"href":"https:\/\/miraserra.org.br\/index.php\/wp-json\/wp\/v2\/media\/663"}],"wp:attachment":[{"href":"https:\/\/miraserra.org.br\/index.php\/wp-json\/wp\/v2\/media?parent=101"}],"wp:term":[{"taxonomy":"category","embeddable":true,"href":"https:\/\/miraserra.org.br\/index.php\/wp-json\/wp\/v2\/categories?post=101"},{"taxonomy":"post_tag","embeddable":true,"href":"https:\/\/miraserra.org.br\/index.php\/wp-json\/wp\/v2\/tags?post=101"}],"curies":[{"name":"wp","href":"https:\/\/api.w.org\/{rel}","templated":true}]}}