{"id":1022,"date":"2018-10-04T11:31:35","date_gmt":"2018-10-04T14:31:35","guid":{"rendered":"http:\/\/miraserra.org.br\/?p=1022"},"modified":"2019-07-21T11:33:07","modified_gmt":"2019-07-21T14:33:07","slug":"exposicao-marca-dias-dos-animais-e-das-aves-na-miraserra","status":"publish","type":"post","link":"https:\/\/miraserra.org.br\/index.php\/2018\/10\/04\/exposicao-marca-dias-dos-animais-e-das-aves-na-miraserra\/","title":{"rendered":"EXPOSI\u00c7\u00c3O MARCA DIAS DOS ANIMAIS E DAS AVES NA MIRASERRA"},"content":{"rendered":"\n<p>Em terceira edi\u00e7\u00e3o, as bi\u00f3logas Lisiane Becker e Janete Guterres, da MIRASERRA, apresentam a exposi\u00e7\u00e3o fotogr\u00e1fica Avifauna na Costa Doce\u201d. S\u00e3o registros fotogr\u00e1ficos acompanhados de textos informativos,<br> em uma iniciativa do Instituto MIRA-SERRA, com apoio da Secretaria Municipal da Agricultura e Meio Ambiente\/Guaiba e da Ulbra\/Guaiba. Este material integrou projeto contemplado com o 1\u00b0lugar em<br> edital p\u00fablico estadual que, por motivos diversos, n\u00e3o recebeu os recursos para publica\u00e7\u00e3o. A MIRA-SERRA objetiva sensibilizar a comunidade para a beleza<br> singular destes seres alados, para os servi\u00e7os ambientais por eles prestados e contra a sua captura e\/ou posse. A exposi\u00e7\u00e3o acontece do dia 4 (dia mundial dos Animais, que antecede o dia das Aves) at\u00e9 o final de outubro, no 2\u00b0piso da Ulbra-Guaiba.<\/p>\n\n\n\n<ul class=\"wp-block-gallery columns-3 is-cropped wp-block-gallery-1 is-layout-flex wp-block-gallery-is-layout-flex\"><li class=\"blocks-gallery-item\"><figure><img loading=\"lazy\" decoding=\"async\" width=\"225\" height=\"300\" src=\"http:\/\/miraserra.org.br\/wp-content\/uploads\/2019\/07\/43053725_2326756210671854_8224363073301905408_n-1-225x300.jpg\" alt=\"\" data-id=\"1026\" data-link=\"http:\/\/miraserra.org.br\/index.php\/2019\/07\/21\/exposicao-marca-dias-dos-animais-e-das-aves-na-miraserra\/43053725_2326756210671854_8224363073301905408_n-1-225x300\/\" class=\"wp-image-1026\"\/><\/figure><\/li><li class=\"blocks-gallery-item\"><figure><img loading=\"lazy\" decoding=\"async\" width=\"768\" height=\"576\" src=\"http:\/\/miraserra.org.br\/wp-content\/uploads\/2019\/07\/43083331_2326756110671864_3189178771089391616_n-768x576.jpg\" alt=\"\" data-id=\"1027\" data-link=\"http:\/\/miraserra.org.br\/index.php\/2019\/07\/21\/exposicao-marca-dias-dos-animais-e-das-aves-na-miraserra\/43083331_2326756110671864_3189178771089391616_n-768x576\/\" class=\"wp-image-1027\" srcset=\"https:\/\/miraserra.org.br\/wp-content\/uploads\/2019\/07\/43083331_2326756110671864_3189178771089391616_n-768x576.jpg 768w, https:\/\/miraserra.org.br\/wp-content\/uploads\/2019\/07\/43083331_2326756110671864_3189178771089391616_n-768x576-300x225.jpg 300w\" sizes=\"auto, (max-width: 768px) 100vw, 768px\" \/><\/figure><\/li><li class=\"blocks-gallery-item\"><figure><img loading=\"lazy\" decoding=\"async\" width=\"300\" height=\"225\" src=\"http:\/\/miraserra.org.br\/wp-content\/uploads\/2019\/07\/43089048_2326756157338526_5734473143427268608_n-300x225.jpg\" alt=\"\" data-id=\"1028\" data-link=\"http:\/\/miraserra.org.br\/index.php\/2019\/07\/21\/exposicao-marca-dias-dos-animais-e-das-aves-na-miraserra\/43089048_2326756157338526_5734473143427268608_n-300x225\/\" class=\"wp-image-1028\"\/><\/figure><\/li><li class=\"blocks-gallery-item\"><figure><img loading=\"lazy\" decoding=\"async\" width=\"300\" height=\"225\" src=\"http:\/\/miraserra.org.br\/wp-content\/uploads\/2019\/07\/43108262_2326756344005174_3939778624516784128_n-300x225.jpg\" alt=\"\" data-id=\"1029\" data-link=\"http:\/\/miraserra.org.br\/index.php\/2019\/07\/21\/exposicao-marca-dias-dos-animais-e-das-aves-na-miraserra\/43108262_2326756344005174_3939778624516784128_n-300x225\/\" class=\"wp-image-1029\"\/><\/figure><\/li><li class=\"blocks-gallery-item\"><figure><img loading=\"lazy\" decoding=\"async\" width=\"300\" height=\"225\" src=\"http:\/\/miraserra.org.br\/wp-content\/uploads\/2019\/07\/43134386_2326756250671850_2817056439422418944_n-300x225.jpg\" alt=\"\" data-id=\"1030\" data-link=\"http:\/\/miraserra.org.br\/index.php\/2019\/07\/21\/exposicao-marca-dias-dos-animais-e-das-aves-na-miraserra\/43134386_2326756250671850_2817056439422418944_n-300x225\/\" class=\"wp-image-1030\"\/><\/figure><\/li><li class=\"blocks-gallery-item\"><figure><img loading=\"lazy\" decoding=\"async\" width=\"800\" height=\"445\" src=\"http:\/\/miraserra.org.br\/wp-content\/uploads\/2019\/07\/43171349_2326756034005205_89865078202957824_n-800x445-1.jpg\" alt=\"\" data-id=\"1031\" data-link=\"http:\/\/miraserra.org.br\/index.php\/2019\/07\/21\/exposicao-marca-dias-dos-animais-e-das-aves-na-miraserra\/43171349_2326756034005205_89865078202957824_n-800x445-1\/\" class=\"wp-image-1031\" srcset=\"https:\/\/miraserra.org.br\/wp-content\/uploads\/2019\/07\/43171349_2326756034005205_89865078202957824_n-800x445-1.jpg 800w, https:\/\/miraserra.org.br\/wp-content\/uploads\/2019\/07\/43171349_2326756034005205_89865078202957824_n-800x445-1-300x167.jpg 300w, https:\/\/miraserra.org.br\/wp-content\/uploads\/2019\/07\/43171349_2326756034005205_89865078202957824_n-800x445-1-768x427.jpg 768w\" sizes=\"auto, (max-width: 800px) 100vw, 800px\" \/><\/figure><\/li><li class=\"blocks-gallery-item\"><figure><img loading=\"lazy\" decoding=\"async\" width=\"225\" height=\"300\" src=\"http:\/\/miraserra.org.br\/wp-content\/uploads\/2019\/07\/43051422_2326756300671845_406939183404285952_n-225x300-1.jpg\" alt=\"\" data-id=\"1032\" data-link=\"http:\/\/miraserra.org.br\/index.php\/2019\/07\/21\/exposicao-marca-dias-dos-animais-e-das-aves-na-miraserra\/43051422_2326756300671845_406939183404285952_n-225x300-1\/\" class=\"wp-image-1032\"\/><\/figure><\/li><\/ul>\n","protected":false},"excerpt":{"rendered":"<p>Em terceira edi\u00e7\u00e3o, as bi\u00f3logas Lisiane Becker e Janete Guterres, da MIRASERRA, apresentam a exposi\u00e7\u00e3o fotogr\u00e1fica Avifauna na Costa Doce\u201d.<\/p>\n","protected":false},"author":1,"featured_media":1023,"comment_status":"open","ping_status":"open","sticky":false,"template":"","format":"standard","meta":{"colormag_page_container_layout":"default_layout","colormag_page_sidebar_layout":"default_layout","_themeisle_gutenberg_block_has_review":false,"footnotes":""},"categories":[26],"tags":[],"class_list":["post-1022","post","type-post","status-publish","format-standard","has-post-thumbnail","hentry","category-eventos"],"_links":{"self":[{"href":"https:\/\/miraserra.org.br\/index.php\/wp-json\/wp\/v2\/posts\/1022","targetHints":{"allow":["GET"]}}],"collection":[{"href":"https:\/\/miraserra.org.br\/index.php\/wp-json\/wp\/v2\/posts"}],"about":[{"href":"https:\/\/miraserra.org.br\/index.php\/wp-json\/wp\/v2\/types\/post"}],"author":[{"embeddable":true,"href":"https:\/\/miraserra.org.br\/index.php\/wp-json\/wp\/v2\/users\/1"}],"replies":[{"embeddable":true,"href":"https:\/\/miraserra.org.br\/index.php\/wp-json\/wp\/v2\/comments?post=1022"}],"version-history":[{"count":2,"href":"https:\/\/miraserra.org.br\/index.php\/wp-json\/wp\/v2\/posts\/1022\/revisions"}],"predecessor-version":[{"id":1033,"href":"https:\/\/miraserra.org.br\/index.php\/wp-json\/wp\/v2\/posts\/1022\/revisions\/1033"}],"wp:featuredmedia":[{"embeddable":true,"href":"https:\/\/miraserra.org.br\/index.php\/wp-json\/wp\/v2\/media\/1023"}],"wp:attachment":[{"href":"https:\/\/miraserra.org.br\/index.php\/wp-json\/wp\/v2\/media?parent=1022"}],"wp:term":[{"taxonomy":"category","embeddable":true,"href":"https:\/\/miraserra.org.br\/index.php\/wp-json\/wp\/v2\/categories?post=1022"},{"taxonomy":"post_tag","embeddable":true,"href":"https:\/\/miraserra.org.br\/index.php\/wp-json\/wp\/v2\/tags?post=1022"}],"curies":[{"name":"wp","href":"https:\/\/api.w.org\/{rel}","templated":true}]}}