{"id":1059,"date":"2018-08-03T18:28:36","date_gmt":"2018-08-03T21:28:36","guid":{"rendered":"http:\/\/miraserra.org.br\/?p=1059"},"modified":"2019-07-21T18:29:46","modified_gmt":"2019-07-21T21:29:46","slug":"mais-danos-ambientais-na-serra-gaucha","status":"publish","type":"post","link":"https:\/\/miraserra.org.br\/index.php\/2018\/08\/03\/mais-danos-ambientais-na-serra-gaucha\/","title":{"rendered":"MAIS DANOS AMBIENTAIS NA SERRA GA\u00daCHA"},"content":{"rendered":"\n<p>Trabalho de campo no vale do Rio Padilha (S\u00e3o Francisco de Paula\/RS), no dia 3, mostrou danos incalcul\u00e1veis \u00e0 flora, fauna, solo e \u00e1gua. A RPPN MIRA-SERRA, pr\u00f3xima do local gravemente impactado, tamb\u00e9m teve desmatamento em parte de seu territ\u00f3rio.<br> A regi\u00e3o \u00e9 considerada de extrema import\u00e2ncia para a<br> conserva\u00e7\u00e3o da natureza, Zona N\u00facleo da Reserva da Biosfera da Mata Atl\u00e2ntica (MaBUNESCO), s\u00edtio do patrim\u00f4nio hist\u00f3rico e imemorial, abriga esp\u00e9cies da fauna e flora amea\u00e7adas de extin\u00e7\u00e3o, se constitui em \u00e1rea de nascentes do rio dos Sinos,entre outros tantos atributos protegidos pela legisla\u00e7\u00e3o ambiental. Os posseiros alegam ter dom\u00ednio sobre 40 ha e foram pr\u00f3digos em colocar arame farpado, inclusive sobre o que antes foi parte da \u201cTrilha dos Tropeiros\u201d (que ligava Viam\u00e3o\/RS at\u00e9 Sorocaba\/SP). Registramos todo o tipo de agress\u00e3o \u00e0 Mata Atl\u00e2ntica, incluindo contamina\u00e7\u00e3o de arroios, desvio de curso d\u2019\u00e1gua e queimadas, em uma longa lista de atrocidades contra um ecossistema amea\u00e7ado. Destacamos que o Instituto MIRASERRA<br> (ONG), anos atr\u00e1s, j\u00e1 havia alertado, em A\u00e7\u00e3o Civil P\u00fablica, sobre a ocorr\u00eancia de danos ambientais neste mesmo local \u2013 na \u00e9poca, abrangendo menor extens\u00e3o<br> territorial. Lament\u00e1vel que um local ricamente biodiverso, com possibilidades para gera\u00e7\u00e3o de emprego e renda no turismo sustent\u00e1vel, esteja se tornando uma favela rural, com tantos preju\u00edzos \u00e0 qualidade de vida\u2026 at\u00e9 mesmo no abastecimento de \u00e1gua das comunidades \u00e0 jusante. Nossos agradecimentos ao CABMunidade Canela, ao seu comandante, 2\u00ba Sgt Daniel, e especialmente ao sd De Aquino e ao sd Buss. O uso de Drone foi essencial para capturar o que as fotos n\u00e3o conseguiram dimensionar.<\/p>\n\n\n\n<ul class=\"wp-block-gallery columns-3 is-cropped wp-block-gallery-1 is-layout-flex wp-block-gallery-is-layout-flex\"><li class=\"blocks-gallery-item\"><figure><img loading=\"lazy\" decoding=\"async\" width=\"800\" height=\"445\" src=\"http:\/\/miraserra.org.br\/wp-content\/uploads\/2019\/07\/92c80ab3-8bbe-4b58-ad26-f51605445ffd-2-800x445-1.jpg\" alt=\"\" data-id=\"1062\" data-link=\"http:\/\/miraserra.org.br\/index.php\/2018\/08\/03\/mais-danos-ambientais-na-serra-gaucha\/92c80ab3-8bbe-4b58-ad26-f51605445ffd-2-800x445-1\/\" class=\"wp-image-1062\" srcset=\"https:\/\/miraserra.org.br\/wp-content\/uploads\/2019\/07\/92c80ab3-8bbe-4b58-ad26-f51605445ffd-2-800x445-1.jpg 800w, https:\/\/miraserra.org.br\/wp-content\/uploads\/2019\/07\/92c80ab3-8bbe-4b58-ad26-f51605445ffd-2-800x445-1-300x167.jpg 300w, https:\/\/miraserra.org.br\/wp-content\/uploads\/2019\/07\/92c80ab3-8bbe-4b58-ad26-f51605445ffd-2-800x445-1-768x427.jpg 768w\" sizes=\"auto, (max-width: 800px) 100vw, 800px\" \/><\/figure><\/li><li class=\"blocks-gallery-item\"><figure><img loading=\"lazy\" decoding=\"async\" width=\"300\" height=\"225\" src=\"http:\/\/miraserra.org.br\/wp-content\/uploads\/2019\/07\/349e5f18-ac61-4a2d-bc34-94f073eb8a4a-300x225.jpg\" alt=\"\" data-id=\"1063\" data-link=\"http:\/\/miraserra.org.br\/index.php\/2018\/08\/03\/mais-danos-ambientais-na-serra-gaucha\/349e5f18-ac61-4a2d-bc34-94f073eb8a4a-300x225\/\" class=\"wp-image-1063\"\/><\/figure><\/li><li class=\"blocks-gallery-item\"><figure><img loading=\"lazy\" decoding=\"async\" width=\"300\" height=\"225\" src=\"http:\/\/miraserra.org.br\/wp-content\/uploads\/2019\/07\/DSCN3253-300x225.jpg\" alt=\"\" data-id=\"1064\" data-link=\"http:\/\/miraserra.org.br\/index.php\/2018\/08\/03\/mais-danos-ambientais-na-serra-gaucha\/dscn3253-300x225\/\" class=\"wp-image-1064\"\/><\/figure><\/li><li class=\"blocks-gallery-item\"><figure><img loading=\"lazy\" decoding=\"async\" width=\"300\" height=\"225\" src=\"http:\/\/miraserra.org.br\/wp-content\/uploads\/2019\/07\/DSCN3256-Copia-300x225.jpg\" alt=\"\" data-id=\"1065\" data-link=\"http:\/\/miraserra.org.br\/index.php\/2018\/08\/03\/mais-danos-ambientais-na-serra-gaucha\/dscn3256-copia-300x225\/\" class=\"wp-image-1065\"\/><\/figure><\/li><li class=\"blocks-gallery-item\"><figure><img loading=\"lazy\" decoding=\"async\" width=\"768\" height=\"576\" src=\"http:\/\/miraserra.org.br\/wp-content\/uploads\/2019\/07\/DSCN3313-768x576.jpg\" alt=\"\" data-id=\"1066\" data-link=\"http:\/\/miraserra.org.br\/index.php\/2018\/08\/03\/mais-danos-ambientais-na-serra-gaucha\/dscn3313-768x576\/\" class=\"wp-image-1066\" srcset=\"https:\/\/miraserra.org.br\/wp-content\/uploads\/2019\/07\/DSCN3313-768x576.jpg 768w, https:\/\/miraserra.org.br\/wp-content\/uploads\/2019\/07\/DSCN3313-768x576-300x225.jpg 300w\" sizes=\"auto, (max-width: 768px) 100vw, 768px\" \/><\/figure><\/li><li class=\"blocks-gallery-item\"><figure><img loading=\"lazy\" decoding=\"async\" width=\"300\" height=\"225\" src=\"http:\/\/miraserra.org.br\/wp-content\/uploads\/2019\/07\/DSCN3343-300x225.jpg\" alt=\"\" data-id=\"1067\" data-link=\"http:\/\/miraserra.org.br\/index.php\/2018\/08\/03\/mais-danos-ambientais-na-serra-gaucha\/dscn3343-300x225\/\" class=\"wp-image-1067\"\/><\/figure><\/li><li class=\"blocks-gallery-item\"><figure><img loading=\"lazy\" decoding=\"async\" width=\"300\" height=\"225\" src=\"http:\/\/miraserra.org.br\/wp-content\/uploads\/2019\/07\/DSCN3360-300x225.jpg\" alt=\"\" data-id=\"1068\" data-link=\"http:\/\/miraserra.org.br\/index.php\/2018\/08\/03\/mais-danos-ambientais-na-serra-gaucha\/dscn3360-300x225\/\" class=\"wp-image-1068\"\/><\/figure><\/li><li class=\"blocks-gallery-item\"><figure><img loading=\"lazy\" decoding=\"async\" width=\"768\" height=\"576\" src=\"http:\/\/miraserra.org.br\/wp-content\/uploads\/2019\/07\/DSCN3373-768x576.jpg\" alt=\"\" data-id=\"1069\" data-link=\"http:\/\/miraserra.org.br\/index.php\/2018\/08\/03\/mais-danos-ambientais-na-serra-gaucha\/dscn3373-768x576\/\" class=\"wp-image-1069\" srcset=\"https:\/\/miraserra.org.br\/wp-content\/uploads\/2019\/07\/DSCN3373-768x576.jpg 768w, https:\/\/miraserra.org.br\/wp-content\/uploads\/2019\/07\/DSCN3373-768x576-300x225.jpg 300w\" sizes=\"auto, (max-width: 768px) 100vw, 768px\" \/><\/figure><\/li><li class=\"blocks-gallery-item\"><figure><img loading=\"lazy\" decoding=\"async\" width=\"768\" height=\"576\" src=\"http:\/\/miraserra.org.br\/wp-content\/uploads\/2019\/07\/DSCN3473-768x576.jpg\" alt=\"\" data-id=\"1070\" data-link=\"http:\/\/miraserra.org.br\/index.php\/2018\/08\/03\/mais-danos-ambientais-na-serra-gaucha\/dscn3473-768x576\/\" class=\"wp-image-1070\" srcset=\"https:\/\/miraserra.org.br\/wp-content\/uploads\/2019\/07\/DSCN3473-768x576.jpg 768w, https:\/\/miraserra.org.br\/wp-content\/uploads\/2019\/07\/DSCN3473-768x576-300x225.jpg 300w\" sizes=\"auto, (max-width: 768px) 100vw, 768px\" \/><\/figure><\/li><\/ul>\n","protected":false},"excerpt":{"rendered":"<p>Trabalho de campo no vale do Rio Padilha (S\u00e3o Francisco de Paula\/RS), no dia 3, mostrou danos incalcul\u00e1veis \u00e0 flora,<\/p>\n","protected":false},"author":1,"featured_media":1060,"comment_status":"open","ping_status":"open","sticky":false,"template":"","format":"standard","meta":{"colormag_page_container_layout":"default_layout","colormag_page_sidebar_layout":"default_layout","_themeisle_gutenberg_block_has_review":false,"footnotes":""},"categories":[26],"tags":[],"class_list":["post-1059","post","type-post","status-publish","format-standard","has-post-thumbnail","hentry","category-eventos"],"_links":{"self":[{"href":"https:\/\/miraserra.org.br\/index.php\/wp-json\/wp\/v2\/posts\/1059","targetHints":{"allow":["GET"]}}],"collection":[{"href":"https:\/\/miraserra.org.br\/index.php\/wp-json\/wp\/v2\/posts"}],"about":[{"href":"https:\/\/miraserra.org.br\/index.php\/wp-json\/wp\/v2\/types\/post"}],"author":[{"embeddable":true,"href":"https:\/\/miraserra.org.br\/index.php\/wp-json\/wp\/v2\/users\/1"}],"replies":[{"embeddable":true,"href":"https:\/\/miraserra.org.br\/index.php\/wp-json\/wp\/v2\/comments?post=1059"}],"version-history":[{"count":2,"href":"https:\/\/miraserra.org.br\/index.php\/wp-json\/wp\/v2\/posts\/1059\/revisions"}],"predecessor-version":[{"id":1071,"href":"https:\/\/miraserra.org.br\/index.php\/wp-json\/wp\/v2\/posts\/1059\/revisions\/1071"}],"wp:featuredmedia":[{"embeddable":true,"href":"https:\/\/miraserra.org.br\/index.php\/wp-json\/wp\/v2\/media\/1060"}],"wp:attachment":[{"href":"https:\/\/miraserra.org.br\/index.php\/wp-json\/wp\/v2\/media?parent=1059"}],"wp:term":[{"taxonomy":"category","embeddable":true,"href":"https:\/\/miraserra.org.br\/index.php\/wp-json\/wp\/v2\/categories?post=1059"},{"taxonomy":"post_tag","embeddable":true,"href":"https:\/\/miraserra.org.br\/index.php\/wp-json\/wp\/v2\/tags?post=1059"}],"curies":[{"name":"wp","href":"https:\/\/api.w.org\/{rel}","templated":true}]}}