{"id":107,"date":"2019-04-11T05:03:05","date_gmt":"2019-04-11T08:03:05","guid":{"rendered":"http:\/\/demo.themefreesia.com\/magbook\/?p=107"},"modified":"2019-08-25T22:57:57","modified_gmt":"2019-08-26T01:57:57","slug":"how-you-can-be-a-hero-and-change-your-own-community","status":"publish","type":"post","link":"https:\/\/miraserra.org.br\/index.php\/2019\/04\/11\/how-you-can-be-a-hero-and-change-your-own-community\/","title":{"rendered":"CONSEMA-RS: reuni\u00e3o de abril"},"content":{"rendered":"<p>As manifesta\u00e7\u00f5es da MIRA-SERRA no Conselho Estadual do Meio Ambiente (CONSEMA-RS) se destacaram pelo zelo no cumprimento de Resolu\u00e7\u00e3o relativo a item inserido no dia e, por manifesta\u00e7\u00f5es<br>em propostas de altera\u00e7\u00f5es de Resolu\u00e7\u00f5es.<\/p>\n<p>A representante da ONG questionou sobre o cancelamento de reuni\u00f5es das C\u00e2maras t\u00e9cnicas, tendo sido realizada somente uma na CT Assuntos Jur\u00eddicos. A entidade ambientalista solicitou que a<br>FEPAM apresente as altera\u00e7\u00f5es realizadas no projeto da Mina Gua\u00edba, em rela\u00e7\u00e3o ao parecer do Comit\u00ea<br>Estadual da Reserva da Biosfera da Mata Atl\u00e2ntica.<br>Observa\u00e7\u00e3o:<br>embora o texto da s\u00edntese (acima) remeta a resposta \u00e0 uma futura plen\u00e1ria, o presidente do CONSEMA foi claro quanto \u00e0 inser\u00e7\u00e3o do item na pr\u00f3xima reuni\u00e3o.<br>Agora, \u00e9 aguardar a ata\u2026 Acompanhou a reuni\u00e3o a nova estagi\u00e1ria na MIRA-SERRA, Jaqueline, que \u00e9 acad\u00eamica de biologia da PUC-RS.<\/p>\n<p><\/p>\n\n\n<ul class=\"wp-block-gallery columns-3 is-cropped wp-block-gallery-1 is-layout-flex wp-block-gallery-is-layout-flex\"><li class=\"blocks-gallery-item\"><figure><img loading=\"lazy\" decoding=\"async\" width=\"300\" height=\"146\" src=\"http:\/\/miraserra.org.br\/wp-content\/uploads\/2019\/07\/57006297_2625947004086105_8347001221579538432_o-300x146.jpg\" alt=\"\" data-id=\"620\" data-link=\"http:\/\/miraserra.org.br\/index.php\/2019\/04\/11\/how-you-can-be-a-hero-and-change-your-own-community\/57006297_2625947004086105_8347001221579538432_o-300x146\/\" class=\"wp-image-620\"\/><\/figure><\/li><li class=\"blocks-gallery-item\"><figure><img loading=\"lazy\" decoding=\"async\" width=\"146\" height=\"300\" src=\"http:\/\/miraserra.org.br\/wp-content\/uploads\/2019\/07\/57209061_2625946940752778_1876092296722644992_n-146x300.jpg\" alt=\"\" data-id=\"621\" data-link=\"http:\/\/miraserra.org.br\/index.php\/2019\/04\/11\/how-you-can-be-a-hero-and-change-your-own-community\/57209061_2625946940752778_1876092296722644992_n-146x300\/\" class=\"wp-image-621\"\/><\/figure><\/li><li class=\"blocks-gallery-item\"><figure><img loading=\"lazy\" decoding=\"async\" width=\"300\" height=\"146\" src=\"http:\/\/miraserra.org.br\/wp-content\/uploads\/2019\/07\/57484639_2625946894086116_9097331720427929600_o-300x146.jpg\" alt=\"\" data-id=\"622\" data-link=\"http:\/\/miraserra.org.br\/index.php\/2019\/04\/11\/how-you-can-be-a-hero-and-change-your-own-community\/57484639_2625946894086116_9097331720427929600_o-300x146-2\/\" class=\"wp-image-622\"\/><\/figure><\/li><\/ul>\n","protected":false},"excerpt":{"rendered":"<p>As manifesta\u00e7\u00f5es da MIRA-SERRA no Conselho Estadual do Meio Ambiente (CONSEMA-RS) se destacaram pelo zelo no cumprimento de Resolu\u00e7\u00e3o relativo<\/p>\n","protected":false},"author":1,"featured_media":618,"comment_status":"closed","ping_status":"closed","sticky":false,"template":"","format":"standard","meta":{"colormag_page_container_layout":"default_layout","colormag_page_sidebar_layout":"default_layout","_themeisle_gutenberg_block_has_review":false,"footnotes":""},"categories":[58],"tags":[],"class_list":["post-107","post","type-post","status-publish","format-standard","has-post-thumbnail","hentry","category-consema-rs"],"_links":{"self":[{"href":"https:\/\/miraserra.org.br\/index.php\/wp-json\/wp\/v2\/posts\/107","targetHints":{"allow":["GET"]}}],"collection":[{"href":"https:\/\/miraserra.org.br\/index.php\/wp-json\/wp\/v2\/posts"}],"about":[{"href":"https:\/\/miraserra.org.br\/index.php\/wp-json\/wp\/v2\/types\/post"}],"author":[{"embeddable":true,"href":"https:\/\/miraserra.org.br\/index.php\/wp-json\/wp\/v2\/users\/1"}],"replies":[{"embeddable":true,"href":"https:\/\/miraserra.org.br\/index.php\/wp-json\/wp\/v2\/comments?post=107"}],"version-history":[{"count":3,"href":"https:\/\/miraserra.org.br\/index.php\/wp-json\/wp\/v2\/posts\/107\/revisions"}],"predecessor-version":[{"id":784,"href":"https:\/\/miraserra.org.br\/index.php\/wp-json\/wp\/v2\/posts\/107\/revisions\/784"}],"wp:featuredmedia":[{"embeddable":true,"href":"https:\/\/miraserra.org.br\/index.php\/wp-json\/wp\/v2\/media\/618"}],"wp:attachment":[{"href":"https:\/\/miraserra.org.br\/index.php\/wp-json\/wp\/v2\/media?parent=107"}],"wp:term":[{"taxonomy":"category","embeddable":true,"href":"https:\/\/miraserra.org.br\/index.php\/wp-json\/wp\/v2\/categories?post=107"},{"taxonomy":"post_tag","embeddable":true,"href":"https:\/\/miraserra.org.br\/index.php\/wp-json\/wp\/v2\/tags?post=107"}],"curies":[{"name":"wp","href":"https:\/\/api.w.org\/{rel}","templated":true}]}}