{"id":1074,"date":"2018-06-24T10:43:21","date_gmt":"2018-06-24T13:43:21","guid":{"rendered":"http:\/\/miraserra.org.br\/?p=1074"},"modified":"2019-07-28T15:19:49","modified_gmt":"2019-07-28T18:19:49","slug":"manifesto-contra-atividade-no-parque-nacional-aparados-da-serra-2","status":"publish","type":"post","link":"https:\/\/miraserra.org.br\/index.php\/2018\/06\/24\/manifesto-contra-atividade-no-parque-nacional-aparados-da-serra-2\/","title":{"rendered":"MANIFESTO CONTRA ATIVIDADE NO PARQUE NACIONAL APARADOS DA SERRA"},"content":{"rendered":"\n<p>O Instituto MIRA-SERRA, e ONG conselheira eleita para uma das vagas na categoria de entidade ambientalista no Conselho Consultivo dos Parques Nacionais Aparados da Serra e Serra Geral, bem como as entidades ambientalistas abaixo subscritas, se manifestam contr\u00e1rias \u00e0 realiza\u00e7\u00e3o do \u201cTest Drive Jeep<br> Compass\u201d (e similares), nos dias 24 e 25 deste m\u00eas no ParNa Aparados da Serra. Por si s\u00f3, o link <a rel=\"noreferrer noopener\" aria-label=\"https:\/\/www.youtube.com\/watch?v=lItladlkag&amp; feature=youtu.be (abre numa nova aba)\" href=\"https:\/\/www.youtube.com\/watch?v=lItladlkag&amp;feature=youtu.bee\" target=\"_blank\">https:\/\/www.youtube.com\/watch?v=lItladlkag&amp; feature=youtu.be<\/a>e que mostra o tipo de material a ser<br> produzido \u00e9 incompat\u00edvel com uma Unidade de Conserva\u00e7\u00e3o de Prote\u00e7\u00e3o Integral. A divulga\u00e7\u00e3o do \u201cTest Drive Jeep Compass\u201d <a rel=\"noreferrer noopener\" aria-label=\"https:\/\/www.facebook.com\/Parques-Nacionais-de-AparadosdaSerra- e-da-Serra-Geral-576988735693635 (abre numa nova aba)\" href=\"https:\/\/www.facebook.com\/Parques-Nacionais-de-Aparados-da-Serra-e-da-Serra-Geral-576988735693635\/\" target=\"_blank\">https:\/\/www.facebook.com\/Parques-Nacionais-de-AparadosdaSerra- e-da-Serra-Geral-576988735693635<\/a>\/), dia 19\/7\/2018, surpreende visto que o Plano de Manejo do Parque Nacional Aparados da Serra n\u00e3o contempla tal atividade e n\u00e3o houve consulta ao respectivo conselho. Todo local \u00e9 extremamente fr\u00e1gil, visto se tratar de um ecossistema do amea\u00e7ado Bioma Mata Atl\u00e2ntica, dentro de uma Unidade de Conserva\u00e7\u00e3o de Prote\u00e7\u00e3o Integral (!) Por mais criterioso que seja o acompanhamento, as postagens do \u00f3rg\u00e3o gestor mostram, claramente, que a preocupa\u00e7\u00e3o \u00e9 com a seguran\u00e7a do visitante e do condutor , assim como o pedido de desculpas pelo transtorno. O estudo do impacto de carga \u00e9 desconhecido. No ano de 2000 , houve isolamento de trechos em fun\u00e7\u00e3o de pesquisa com abelhas nativas end\u00eamicas (Monoeca xanthopyga). Por ali transitam pumas \/ Puma concolor, entre outras in\u00fameras esp\u00e9cies da fauna nativa silvestre, que deveriam ser o alvo da prote\u00e7\u00e3o integral. No entanto, o ru\u00eddo e trepida\u00e7\u00e3o dos ve\u00edculo (entre outros sons quse s\u00e3o percebidos na \u201cpropaganda\u201d dispon\u00edvel no citado link) causar\u00e3o impactos n\u00e3o previstos, incluindo a possibilidade de afugentamento da \u00e1rea em que deveriam estar seguros. Cabe indagar qual a finalidade destas concess\u00f5es, a exemplo do que ocorreu com o desastroso uso das filmagens autorizadas nos ParNas em tela, em epis\u00f3dio da s\u00e9rie norte-americana \u201cDesafio em dose dupla (Dual Survival)\u201d \u2013 epis\u00f3dio 9 da sexta temporada (Discovery Channel, dispon\u00edvel em https:\/\/drive.google.com\/file\/d\/0B1chk7F7U6b8alJNVVcxYmpyW lE\/view e a vers\u00e3o brasileira https:\/\/youtu.be\/OXEoR0TtX0E). Que esp\u00e9cie de propaganda e que tipo de p\u00fablico est\u00e1 se pretendendo, quando \u00e1rvores s\u00e3o cortadas, animais ca\u00e7ados e assados em fogueira? E, logo em seguida, temos o \u201cTest Drive Jeep Compass\u201d, cujo epis\u00f3dio filmado no Jalap\u00e3o seria prova suficiente de que os princ\u00edpios da precau\u00e7\u00e3o e da preven\u00e7\u00e3o passam ao largo\u2026 Ainda, que educa\u00e7\u00e3o ambiental se pretende nestas Unidades de Conserva\u00e7\u00e3o, quando os usos v\u00e3o ao arrepio do plano de manejo e do simples bom senso? Qual a raz\u00e3o de espa\u00e7os similares na \u00e1rea de amortecimento dos ParNas<br> serem esquecidos, priorizando espa\u00e7os para usos que transtornam a vida silvestre da Unidade de Conserva\u00e7\u00e3o? A prote\u00e7\u00e3o integral da biodiversidade nos parques nacionais tem pre\u00e7o para que se esque\u00e7am de estudos m\u00ednimos que garantam seus objetivos? A explora\u00e7\u00e3o de \u00e1rea para determinados usos, como parece ser o novo direcionamento nestes ParNas e sem a ci\u00eancia pret\u00e9rita do Conselho, \u00e9 no m\u00ednimo, muito question\u00e1vel. Al\u00e9m dos danos decorrentes desta atividade automotiva, dos quais n\u00e3o temos conhecimento algum, \u00e9 de indagar sobre os \u201creais\u201d benef\u00edcios que possam trazer para a preserva\u00e7\u00e3o da biodiversidade nesta Unidade de Conserva\u00e7\u00e3o. Subscrevem este manifesto: Instituto MIRA-SERRA, ING\u00e1, AIPAN, Movimento Roessler , GESP,<br> AMA- Gua\u00edba, IGR\u00c9, UPAN<\/p>\n\n\n\n<p><br><\/p>\n","protected":false},"excerpt":{"rendered":"<p>O Instituto MIRA-SERRA, e ONG conselheira eleita para uma das vagas na categoria de entidade ambientalista no Conselho Consultivo dos<\/p>\n","protected":false},"author":1,"featured_media":1081,"comment_status":"closed","ping_status":"closed","sticky":false,"template":"","format":"standard","meta":{"colormag_page_container_layout":"default_layout","colormag_page_sidebar_layout":"default_layout","_themeisle_gutenberg_block_has_review":false,"footnotes":""},"categories":[1,35],"tags":[],"class_list":["post-1074","post","type-post","status-publish","format-standard","has-post-thumbnail","hentry","category-menu","category-parnas"],"_links":{"self":[{"href":"https:\/\/miraserra.org.br\/index.php\/wp-json\/wp\/v2\/posts\/1074","targetHints":{"allow":["GET"]}}],"collection":[{"href":"https:\/\/miraserra.org.br\/index.php\/wp-json\/wp\/v2\/posts"}],"about":[{"href":"https:\/\/miraserra.org.br\/index.php\/wp-json\/wp\/v2\/types\/post"}],"author":[{"embeddable":true,"href":"https:\/\/miraserra.org.br\/index.php\/wp-json\/wp\/v2\/users\/1"}],"replies":[{"embeddable":true,"href":"https:\/\/miraserra.org.br\/index.php\/wp-json\/wp\/v2\/comments?post=1074"}],"version-history":[{"count":7,"href":"https:\/\/miraserra.org.br\/index.php\/wp-json\/wp\/v2\/posts\/1074\/revisions"}],"predecessor-version":[{"id":1084,"href":"https:\/\/miraserra.org.br\/index.php\/wp-json\/wp\/v2\/posts\/1074\/revisions\/1084"}],"wp:featuredmedia":[{"embeddable":true,"href":"https:\/\/miraserra.org.br\/index.php\/wp-json\/wp\/v2\/media\/1081"}],"wp:attachment":[{"href":"https:\/\/miraserra.org.br\/index.php\/wp-json\/wp\/v2\/media?parent=1074"}],"wp:term":[{"taxonomy":"category","embeddable":true,"href":"https:\/\/miraserra.org.br\/index.php\/wp-json\/wp\/v2\/categories?post=1074"},{"taxonomy":"post_tag","embeddable":true,"href":"https:\/\/miraserra.org.br\/index.php\/wp-json\/wp\/v2\/tags?post=1074"}],"curies":[{"name":"wp","href":"https:\/\/api.w.org\/{rel}","templated":true}]}}