{"id":1117,"date":"2018-05-27T18:49:58","date_gmt":"2018-05-27T21:49:58","guid":{"rendered":"http:\/\/miraserra.org.br\/?p=1117"},"modified":"2019-07-23T18:57:40","modified_gmt":"2019-07-23T21:57:40","slug":"dia-da-mata-atlantica-para-que-mesmo","status":"publish","type":"post","link":"https:\/\/miraserra.org.br\/index.php\/2018\/05\/27\/dia-da-mata-atlantica-para-que-mesmo\/","title":{"rendered":"DIA DA MATA ATL\u00c2NTICA \u2013 para qu\u00ea mesmo?"},"content":{"rendered":"\n<p>No Dia Nacional de um dos Biomas mais amea\u00e7ados de<br> desaparecer da face do planeta, \u00e9 mais do que inevit\u00e1vel refletir sobre o cen\u00e1rio de crise atual. Os reflexos do movimento que paralisa o pa\u00eds pode ser uma pr\u00e9via da escassez que nos aguarda, logo ali adiante? N\u00e3o h\u00e1 d\u00favidas de que a m\u00e1 gest\u00e3o e a degrada\u00e7\u00e3o da natureza andam juntas e seus efeitos j\u00e1 se fazem sentir, at\u00e9 mesmo nos segmentos alheios ao tema ambiental: racionamento de \u00e1gua (em alguns locais nem podemos cham\u00e1la de \u201c\u00e1gua\u201d), alimenta\u00e7\u00e3o contaminada por agrot\u00f3xicos, ar polu\u00eddo, eventos clim\u00e1ticos extremos e mais frequentes, avan\u00e7o do mar sobre a \u00e1rea costeira, redu\u00e7\u00e3o do \u201cestoque\u201d pesqueiro, ca\u00e7a de seres cuja vida \u00e9 importante pelo fato de ser vida, contamina\u00e7\u00e3o de recursos h\u00eddricos subterr\u00e2neos, deserti\udbc0\udcd5ca\u00e7\u00e3o, etc. A sobre-explora\u00e7\u00e3o e o desperd\u00edcio dos recursos naturais j\u00e1 entram na conta do cotidiano de todos n\u00f3s. Mas quem se importa com as insistentes<br> manifesta\u00e7\u00f5es dos ambientalistas \u2013 grupo este desapegado do vi\u00e9s lucrativo e que paga para defender algo que n\u00e3o \u00e9 seu? Qual a raz\u00e3o deste interesse pelo bem coletivo, pela atual e pelas futuras gera\u00e7\u00f5es dos seres humanos e dos n\u00e3o humanos? J\u00e1 diz o antigo ditado: \u201cquem avisa amigo \u00e9\u201d\u2026 As consequ\u00eancias est\u00e3o batendo nas nossas portas. Logo mais, as estar\u00e3o arrombando sem que haja dinheiro sufciente para reverter a situa\u00e7\u00e3o. Usemos este dia para pensar e, doravante , tomar atitudes pr\u00f3-ativas, nem que seja<br> subscrevendo uma das muitas peti\u00e7\u00f5es online existentes ou curtindo postagens em prol da biodiversidade! Leia, pesquise sobre a Mata Atl\u00e2ntica e sua incr\u00edvel varia\u00e7\u00e3o de paisagem. S\u00e3o 17 estados que ainda possuem fragmentos que os sustentam. Busque proteger o que resta e a recuperar o que se perdeu.Disto todos dependemos.<\/p>\n\n\n\n<ul class=\"wp-block-gallery columns-3 is-cropped wp-block-gallery-1 is-layout-flex wp-block-gallery-is-layout-flex\"><li class=\"blocks-gallery-item\"><figure><img loading=\"lazy\" decoding=\"async\" width=\"768\" height=\"576\" src=\"http:\/\/miraserra.org.br\/wp-content\/uploads\/2019\/07\/29177293_2043702942310517_547285911340056576_n-768x576.jpg\" alt=\"\" data-id=\"1120\" data-link=\"http:\/\/miraserra.org.br\/index.php\/2018\/05\/27\/dia-da-mata-atlantica-para-que-mesmo\/29177293_2043702942310517_547285911340056576_n-768x576\/\" class=\"wp-image-1120\" srcset=\"https:\/\/miraserra.org.br\/wp-content\/uploads\/2019\/07\/29177293_2043702942310517_547285911340056576_n-768x576.jpg 768w, https:\/\/miraserra.org.br\/wp-content\/uploads\/2019\/07\/29177293_2043702942310517_547285911340056576_n-768x576-300x225.jpg 300w\" sizes=\"auto, (max-width: 768px) 100vw, 768px\" \/><\/figure><\/li><li class=\"blocks-gallery-item\"><figure><img loading=\"lazy\" decoding=\"async\" width=\"800\" height=\"445\" src=\"http:\/\/miraserra.org.br\/wp-content\/uploads\/2019\/07\/ecard-Mata-Atlantica-800x445.jpg\" alt=\"\" data-id=\"1122\" data-link=\"http:\/\/miraserra.org.br\/index.php\/2018\/05\/27\/dia-da-mata-atlantica-para-que-mesmo\/ecard-mata-atlantica-800x445-2\/\" class=\"wp-image-1122\" srcset=\"https:\/\/miraserra.org.br\/wp-content\/uploads\/2019\/07\/ecard-Mata-Atlantica-800x445.jpg 800w, https:\/\/miraserra.org.br\/wp-content\/uploads\/2019\/07\/ecard-Mata-Atlantica-800x445-300x167.jpg 300w, https:\/\/miraserra.org.br\/wp-content\/uploads\/2019\/07\/ecard-Mata-Atlantica-800x445-768x427.jpg 768w\" sizes=\"auto, (max-width: 800px) 100vw, 800px\" \/><\/figure><\/li><li class=\"blocks-gallery-item\"><figure><img loading=\"lazy\" decoding=\"async\" width=\"768\" height=\"576\" src=\"http:\/\/miraserra.org.br\/wp-content\/uploads\/2019\/07\/foto-rpnn-768x576.jpg\" alt=\"\" data-id=\"1123\" data-link=\"http:\/\/miraserra.org.br\/index.php\/2018\/05\/27\/dia-da-mata-atlantica-para-que-mesmo\/foto-rpnn-768x576\/\" class=\"wp-image-1123\" srcset=\"https:\/\/miraserra.org.br\/wp-content\/uploads\/2019\/07\/foto-rpnn-768x576.jpg 768w, https:\/\/miraserra.org.br\/wp-content\/uploads\/2019\/07\/foto-rpnn-768x576-300x225.jpg 300w\" sizes=\"auto, (max-width: 768px) 100vw, 768px\" \/><\/figure><\/li><li class=\"blocks-gallery-item\"><figure><img loading=\"lazy\" decoding=\"async\" width=\"500\" height=\"375\" src=\"http:\/\/miraserra.org.br\/wp-content\/uploads\/2019\/07\/rio_borda.jpg\" alt=\"\" data-id=\"1124\" data-link=\"http:\/\/miraserra.org.br\/index.php\/2018\/05\/27\/dia-da-mata-atlantica-para-que-mesmo\/rio_borda\/\" class=\"wp-image-1124\" srcset=\"https:\/\/miraserra.org.br\/wp-content\/uploads\/2019\/07\/rio_borda.jpg 500w, https:\/\/miraserra.org.br\/wp-content\/uploads\/2019\/07\/rio_borda-300x225.jpg 300w\" sizes=\"auto, (max-width: 500px) 100vw, 500px\" \/><\/figure><\/li><\/ul>\n","protected":false},"excerpt":{"rendered":"<p>No Dia Nacional de um dos Biomas mais amea\u00e7ados de desaparecer da face do planeta, \u00e9 mais do que inevit\u00e1vel<\/p>\n","protected":false},"author":1,"featured_media":1119,"comment_status":"open","ping_status":"open","sticky":false,"template":"","format":"standard","meta":{"colormag_page_container_layout":"default_layout","colormag_page_sidebar_layout":"default_layout","_themeisle_gutenberg_block_has_review":false,"footnotes":""},"categories":[26,60],"tags":[],"class_list":["post-1117","post","type-post","status-publish","format-standard","has-post-thumbnail","hentry","category-eventos","category-principais"],"_links":{"self":[{"href":"https:\/\/miraserra.org.br\/index.php\/wp-json\/wp\/v2\/posts\/1117","targetHints":{"allow":["GET"]}}],"collection":[{"href":"https:\/\/miraserra.org.br\/index.php\/wp-json\/wp\/v2\/posts"}],"about":[{"href":"https:\/\/miraserra.org.br\/index.php\/wp-json\/wp\/v2\/types\/post"}],"author":[{"embeddable":true,"href":"https:\/\/miraserra.org.br\/index.php\/wp-json\/wp\/v2\/users\/1"}],"replies":[{"embeddable":true,"href":"https:\/\/miraserra.org.br\/index.php\/wp-json\/wp\/v2\/comments?post=1117"}],"version-history":[{"count":3,"href":"https:\/\/miraserra.org.br\/index.php\/wp-json\/wp\/v2\/posts\/1117\/revisions"}],"predecessor-version":[{"id":1125,"href":"https:\/\/miraserra.org.br\/index.php\/wp-json\/wp\/v2\/posts\/1117\/revisions\/1125"}],"wp:featuredmedia":[{"embeddable":true,"href":"https:\/\/miraserra.org.br\/index.php\/wp-json\/wp\/v2\/media\/1119"}],"wp:attachment":[{"href":"https:\/\/miraserra.org.br\/index.php\/wp-json\/wp\/v2\/media?parent=1117"}],"wp:term":[{"taxonomy":"category","embeddable":true,"href":"https:\/\/miraserra.org.br\/index.php\/wp-json\/wp\/v2\/categories?post=1117"},{"taxonomy":"post_tag","embeddable":true,"href":"https:\/\/miraserra.org.br\/index.php\/wp-json\/wp\/v2\/tags?post=1117"}],"curies":[{"name":"wp","href":"https:\/\/api.w.org\/{rel}","templated":true}]}}