{"id":1126,"date":"2019-05-16T19:01:33","date_gmt":"2019-05-16T22:01:33","guid":{"rendered":"http:\/\/miraserra.org.br\/?p=1126"},"modified":"2019-07-28T15:25:24","modified_gmt":"2019-07-28T18:25:24","slug":"segue-discussao-em-ct-no-conama","status":"publish","type":"post","link":"https:\/\/miraserra.org.br\/index.php\/2019\/05\/16\/segue-discussao-em-ct-no-conama\/","title":{"rendered":"Segue discuss\u00e3o em CT no CONAMA"},"content":{"rendered":"\n<p>Em semana de muitas atividades para a MIRA-SERRA, a bi\u00f3l. Vera Pitoni substituiu a bi\u00f3l. Lisiane Becker na CT de Biodiversidade do Conselho Nacional do Meio Ambiente,em Bras\u00edlia. Foi conclu\u00edda a an\u00e1lise conjunta, com a CT de Assuntos Jur\u00eddicos, da proposta de nova Resolu\u00e7\u00e3o que trata sobre criadouros de fauna. Na tarde do segundo dia, a CT de Biodiversidade iniciou a<br> discuss\u00e3o de minuta de nova Resolu\u00e7\u00e3o: processo N\u00ba <a href=\"http:\/\/www2.mma.gov.br\/port\/conama\/processo.cfm?processo=02000.000978\/2015-91\" target=\"_blank\" rel=\"noreferrer noopener\" aria-label=\"02000.000978\/2015-91 (abre numa nova aba)\">02000.000978\/2015-91<\/a> \u2013 Estabelece a lista das esp\u00e9cies da fauna silvestre brasileira que poder\u00e3o ser criadas e comercializadas como animais de estima\u00e7\u00e3o, altera a Resolu\u00e7\u00e3o Conama n\u00b0 394, de 6 de novembro de 2007, que estabelece os crit\u00e9rios para a determina\u00e7\u00e3o de esp\u00e9cies silvestres a serem criadas e comercializadas como animais, e d\u00e1 outras provid\u00eancias. A MIRA-SERRA se manifestou contr\u00e1ria ao com\u00e9rcio da fauna e que, estaria participando da discuss\u00e3o, somente em fun\u00e7\u00e3o da atividade ainda ser legalizada.<\/p>\n\n\n\n<ul class=\"wp-block-gallery columns-1 is-cropped wp-block-gallery-1 is-layout-flex wp-block-gallery-is-layout-flex\"><li class=\"blocks-gallery-item\"><figure><img loading=\"lazy\" decoding=\"async\" width=\"300\" height=\"225\" src=\"http:\/\/miraserra.org.br\/wp-content\/uploads\/2019\/07\/DSCN2557-300x225-1.jpg\" alt=\"\" data-id=\"1128\" data-link=\"http:\/\/miraserra.org.br\/?attachment_id=1128\" class=\"wp-image-1128\"\/><\/figure><\/li><\/ul>\n","protected":false},"excerpt":{"rendered":"<p>Em semana de muitas atividades para a MIRA-SERRA, a bi\u00f3l. Vera Pitoni substituiu a bi\u00f3l. Lisiane Becker na CT de<\/p>\n","protected":false},"author":1,"featured_media":1127,"comment_status":"closed","ping_status":"closed","sticky":false,"template":"","format":"standard","meta":{"colormag_page_container_layout":"default_layout","colormag_page_sidebar_layout":"default_layout","_themeisle_gutenberg_block_has_review":false,"footnotes":""},"categories":[56],"tags":[],"class_list":["post-1126","post","type-post","status-publish","format-standard","has-post-thumbnail","hentry","category-conama"],"_links":{"self":[{"href":"https:\/\/miraserra.org.br\/index.php\/wp-json\/wp\/v2\/posts\/1126","targetHints":{"allow":["GET"]}}],"collection":[{"href":"https:\/\/miraserra.org.br\/index.php\/wp-json\/wp\/v2\/posts"}],"about":[{"href":"https:\/\/miraserra.org.br\/index.php\/wp-json\/wp\/v2\/types\/post"}],"author":[{"embeddable":true,"href":"https:\/\/miraserra.org.br\/index.php\/wp-json\/wp\/v2\/users\/1"}],"replies":[{"embeddable":true,"href":"https:\/\/miraserra.org.br\/index.php\/wp-json\/wp\/v2\/comments?post=1126"}],"version-history":[{"count":3,"href":"https:\/\/miraserra.org.br\/index.php\/wp-json\/wp\/v2\/posts\/1126\/revisions"}],"predecessor-version":[{"id":1132,"href":"https:\/\/miraserra.org.br\/index.php\/wp-json\/wp\/v2\/posts\/1126\/revisions\/1132"}],"wp:featuredmedia":[{"embeddable":true,"href":"https:\/\/miraserra.org.br\/index.php\/wp-json\/wp\/v2\/media\/1127"}],"wp:attachment":[{"href":"https:\/\/miraserra.org.br\/index.php\/wp-json\/wp\/v2\/media?parent=1126"}],"wp:term":[{"taxonomy":"category","embeddable":true,"href":"https:\/\/miraserra.org.br\/index.php\/wp-json\/wp\/v2\/categories?post=1126"},{"taxonomy":"post_tag","embeddable":true,"href":"https:\/\/miraserra.org.br\/index.php\/wp-json\/wp\/v2\/tags?post=1126"}],"curies":[{"name":"wp","href":"https:\/\/api.w.org\/{rel}","templated":true}]}}