{"id":1133,"date":"2018-05-08T19:09:42","date_gmt":"2018-05-08T22:09:42","guid":{"rendered":"http:\/\/miraserra.org.br\/?p=1133"},"modified":"2019-07-23T19:14:20","modified_gmt":"2019-07-23T22:14:20","slug":"evento-pela-mata-atlantica-rs","status":"publish","type":"post","link":"https:\/\/miraserra.org.br\/index.php\/2018\/05\/08\/evento-pela-mata-atlantica-rs\/","title":{"rendered":"Evento pela Mata Atl\u00e2ntica \u2013 RS"},"content":{"rendered":"\n<p>A MIRA-SERRA integrou a mesa no evento de lan\u00e7amento do projeto \u201cFortalecendo os Conselhos Municipais de Meio Ambiente<br> por meio dos Planos Municipais de Conserva\u00e7\u00e3o e Recupera\u00e7\u00e3o da Mata Atl\u00e2ntica (PMMAs)\u201d. A bi\u00f3l. Lisiane Becker destacou que a ONG elaborou 4 PMMAs na regi\u00e3o sul \/centro-oeste e v\u00ea com entusiasmo a cria\u00e7\u00e3o da Federa\u00e7\u00e3o dos Conselhos Municipais de MeioAmbiente. A ONG tem trabalhado pela regulamenta\u00e7\u00e3o do conv\u00eanio \u201cMata Atl\u00e2ntica Atl\u00e2ntica\u201d estado-munic\u00edpio, existente no RS e pela capacita\u00e7\u00e3o para a elabora\u00e7\u00e3o e implementa\u00e7\u00e3o dos PMMAs. Al\u00e9m disto, a presidente da entidade ambientalista tamb\u00e9m \u00e9 vice-presidente de conselho, pelo \u00f3rg\u00e3o ambiental municipal \u201c\u2026. Lan\u00e7amento hoje dia 08 de maio de 2018, na Secretaria de Estado do Meio Ambiente do Rio Grande do Su, do projeto \u201cFortalecendo os Conselhos Municipais de Meio Ambiente por meio dos PMMAs\u201d.<br> Participam do evento a Secretaria de Estado do Meio Ambiente, representantes dos Conselhos Municipais de Meio Ambiente, e Prefeituras. Ainda no evento de hoje, a Secret\u00e1ria da Sema, Maria Patr\u00edcia M\u00f6llmann, e a Secret\u00e1ria Municipal do Meio Ambiente de Gramado e representante da ANAMMA, Rosaura Heurich, assinam o Termo de Coopera\u00e7\u00e3o para o Fortalecimento dos Conselhos Municipais\u2026\u201d Mais informa\u00e7\u00f5es em ww.pmma.etc.br Nosso desafio, Sermos elos bons e fortes na cadeia da vida\u201d\u2026.<a rel=\"noreferrer noopener\" aria-label=\"DemocraciaDireta  (abre numa nova aba)\" href=\"https:\/\/www.facebook.com\/hashtag\/democraciadireta?source=feed_text\" target=\"_blank\">DemocraciaDireta <\/a><a href=\"https:\/\/www.facebook.com\/hashtag\/campinascidadesimbi%C3%B3tica?source=feed_text\" target=\"_blank\" rel=\"noreferrer noopener\" aria-label=\"CampinasCidadeSimbi\u00f3tica  (abre numa nova aba)\">CampinasCidadeSimbi\u00f3tica <\/a><\/p>\n\n\n\n<p><a rel=\"noreferrer noopener\" aria-label=\"\u00c1guaLimpaeSaneamento#CleanWaterAndSanitation #ODS6 #PactoGlobal#UNGlobalCompact (abre numa nova aba)\" href=\"https:\/\/www.facebook.com\/hashtag\/pactoglobal?source=feed_text\" target=\"_blank\">\u00c1guaLimpaeSaneamento#CleanWaterAndSanitation #ODS6 #PactoGlobal#UNGlobalCompact<\/a><\/p>\n\n\n\n<ul class=\"wp-block-gallery columns-3 is-cropped wp-block-gallery-1 is-layout-flex wp-block-gallery-is-layout-flex\"><li class=\"blocks-gallery-item\"><figure><img loading=\"lazy\" decoding=\"async\" width=\"768\" height=\"390\" src=\"http:\/\/miraserra.org.br\/wp-content\/uploads\/2019\/07\/32076553_1362974607181625_5291549383987298304_n-768x390.jpg\" alt=\"\" data-id=\"1138\" data-link=\"http:\/\/miraserra.org.br\/index.php\/2018\/05\/08\/evento-pela-mata-atlantica-rs\/32076553_1362974607181625_5291549383987298304_n-768x390\/\" class=\"wp-image-1138\" srcset=\"https:\/\/miraserra.org.br\/wp-content\/uploads\/2019\/07\/32076553_1362974607181625_5291549383987298304_n-768x390.jpg 768w, https:\/\/miraserra.org.br\/wp-content\/uploads\/2019\/07\/32076553_1362974607181625_5291549383987298304_n-768x390-300x152.jpg 300w\" sizes=\"auto, (max-width: 768px) 100vw, 768px\" \/><figcaption>foto: www.pmma.etc.br<\/figcaption><\/figure><\/li><li class=\"blocks-gallery-item\"><figure><img loading=\"lazy\" decoding=\"async\" width=\"800\" height=\"445\" src=\"http:\/\/miraserra.org.br\/wp-content\/uploads\/2019\/07\/32105246_1362973340515085_1358001988217864192_n-800x445-1.jpg\" alt=\"\" data-id=\"1139\" data-link=\"http:\/\/miraserra.org.br\/index.php\/2018\/05\/08\/evento-pela-mata-atlantica-rs\/32105246_1362973340515085_1358001988217864192_n-800x445-1\/\" class=\"wp-image-1139\" srcset=\"https:\/\/miraserra.org.br\/wp-content\/uploads\/2019\/07\/32105246_1362973340515085_1358001988217864192_n-800x445-1.jpg 800w, https:\/\/miraserra.org.br\/wp-content\/uploads\/2019\/07\/32105246_1362973340515085_1358001988217864192_n-800x445-1-300x167.jpg 300w, https:\/\/miraserra.org.br\/wp-content\/uploads\/2019\/07\/32105246_1362973340515085_1358001988217864192_n-800x445-1-768x427.jpg 768w\" sizes=\"auto, (max-width: 800px) 100vw, 800px\" \/><\/figure><\/li><li class=\"blocks-gallery-item\"><figure><img loading=\"lazy\" decoding=\"async\" width=\"300\" height=\"150\" src=\"http:\/\/miraserra.org.br\/wp-content\/uploads\/2019\/07\/32130428_1362973187181767_542420160070287360_n-300x150.jpg\" alt=\"\" data-id=\"1140\" data-link=\"http:\/\/miraserra.org.br\/index.php\/2018\/05\/08\/evento-pela-mata-atlantica-rs\/32130428_1362973187181767_542420160070287360_n-300x150\/\" class=\"wp-image-1140\"\/><figcaption>foto: www.pmma.etc.br<\/figcaption><\/figure><\/li><\/ul>\n","protected":false},"excerpt":{"rendered":"<p>A MIRA-SERRA integrou a mesa no evento de lan\u00e7amento do projeto \u201cFortalecendo os Conselhos Municipais de Meio Ambiente por meio<\/p>\n","protected":false},"author":1,"featured_media":1137,"comment_status":"open","ping_status":"open","sticky":false,"template":"","format":"standard","meta":{"colormag_page_container_layout":"default_layout","colormag_page_sidebar_layout":"default_layout","_themeisle_gutenberg_block_has_review":false,"footnotes":""},"categories":[31,26],"tags":[],"class_list":["post-1133","post","type-post","status-publish","format-standard","has-post-thumbnail","hentry","category-plano-de-mata-atlantica","category-eventos"],"_links":{"self":[{"href":"https:\/\/miraserra.org.br\/index.php\/wp-json\/wp\/v2\/posts\/1133","targetHints":{"allow":["GET"]}}],"collection":[{"href":"https:\/\/miraserra.org.br\/index.php\/wp-json\/wp\/v2\/posts"}],"about":[{"href":"https:\/\/miraserra.org.br\/index.php\/wp-json\/wp\/v2\/types\/post"}],"author":[{"embeddable":true,"href":"https:\/\/miraserra.org.br\/index.php\/wp-json\/wp\/v2\/users\/1"}],"replies":[{"embeddable":true,"href":"https:\/\/miraserra.org.br\/index.php\/wp-json\/wp\/v2\/comments?post=1133"}],"version-history":[{"count":4,"href":"https:\/\/miraserra.org.br\/index.php\/wp-json\/wp\/v2\/posts\/1133\/revisions"}],"predecessor-version":[{"id":1142,"href":"https:\/\/miraserra.org.br\/index.php\/wp-json\/wp\/v2\/posts\/1133\/revisions\/1142"}],"wp:featuredmedia":[{"embeddable":true,"href":"https:\/\/miraserra.org.br\/index.php\/wp-json\/wp\/v2\/media\/1137"}],"wp:attachment":[{"href":"https:\/\/miraserra.org.br\/index.php\/wp-json\/wp\/v2\/media?parent=1133"}],"wp:term":[{"taxonomy":"category","embeddable":true,"href":"https:\/\/miraserra.org.br\/index.php\/wp-json\/wp\/v2\/categories?post=1133"},{"taxonomy":"post_tag","embeddable":true,"href":"https:\/\/miraserra.org.br\/index.php\/wp-json\/wp\/v2\/tags?post=1133"}],"curies":[{"name":"wp","href":"https:\/\/api.w.org\/{rel}","templated":true}]}}