{"id":1154,"date":"2018-04-25T10:17:09","date_gmt":"2018-04-25T13:17:09","guid":{"rendered":"http:\/\/miraserra.org.br\/?p=1154"},"modified":"2019-07-24T10:19:03","modified_gmt":"2019-07-24T13:19:03","slug":"mira-serra-reconduzida-em-ct-do-conama","status":"publish","type":"post","link":"https:\/\/miraserra.org.br\/index.php\/2018\/04\/25\/mira-serra-reconduzida-em-ct-do-conama\/","title":{"rendered":"MIRA-SERRA reconduzida em CT do CONAMA"},"content":{"rendered":"\n<p>Em reuni\u00e3o extraordin\u00e1ria, a C\u00e2mara T\u00e9cnica de Biodiversidade do Conselho Nacional do Meio Ambiente (CONAMA), reconduziu Marcelo Marcelino de Oliveira \/ICMBio e Lisiane Becker\/MIRASERRA para presid\u00eancia e vice-presid\u00eancia desta CT. Na sequ\u00eancia, foi realizada a segunda reuni\u00e3o conjunta entre as C\u00e2maras T\u00e9cnicas de Bioiversidade e a de Assuntos Jur\u00eddicos \/ CONAMA, sobre a proposta de Resolu\u00e7\u00e3o que trata de criadouros de fauna nativa e silvestre. Foram dois dias de intenso trabalho.<\/p>\n","protected":false},"excerpt":{"rendered":"<p>Em reuni\u00e3o extraordin\u00e1ria, a C\u00e2mara T\u00e9cnica de Biodiversidade do Conselho Nacional do Meio Ambiente (CONAMA), reconduziu Marcelo Marcelino de Oliveira<\/p>\n","protected":false},"author":1,"featured_media":1155,"comment_status":"closed","ping_status":"closed","sticky":false,"template":"","format":"standard","meta":{"colormag_page_container_layout":"default_layout","colormag_page_sidebar_layout":"default_layout","_themeisle_gutenberg_block_has_review":false,"footnotes":""},"categories":[56],"tags":[],"class_list":["post-1154","post","type-post","status-publish","format-standard","has-post-thumbnail","hentry","category-conama"],"_links":{"self":[{"href":"https:\/\/miraserra.org.br\/index.php\/wp-json\/wp\/v2\/posts\/1154","targetHints":{"allow":["GET"]}}],"collection":[{"href":"https:\/\/miraserra.org.br\/index.php\/wp-json\/wp\/v2\/posts"}],"about":[{"href":"https:\/\/miraserra.org.br\/index.php\/wp-json\/wp\/v2\/types\/post"}],"author":[{"embeddable":true,"href":"https:\/\/miraserra.org.br\/index.php\/wp-json\/wp\/v2\/users\/1"}],"replies":[{"embeddable":true,"href":"https:\/\/miraserra.org.br\/index.php\/wp-json\/wp\/v2\/comments?post=1154"}],"version-history":[{"count":1,"href":"https:\/\/miraserra.org.br\/index.php\/wp-json\/wp\/v2\/posts\/1154\/revisions"}],"predecessor-version":[{"id":1156,"href":"https:\/\/miraserra.org.br\/index.php\/wp-json\/wp\/v2\/posts\/1154\/revisions\/1156"}],"wp:featuredmedia":[{"embeddable":true,"href":"https:\/\/miraserra.org.br\/index.php\/wp-json\/wp\/v2\/media\/1155"}],"wp:attachment":[{"href":"https:\/\/miraserra.org.br\/index.php\/wp-json\/wp\/v2\/media?parent=1154"}],"wp:term":[{"taxonomy":"category","embeddable":true,"href":"https:\/\/miraserra.org.br\/index.php\/wp-json\/wp\/v2\/categories?post=1154"},{"taxonomy":"post_tag","embeddable":true,"href":"https:\/\/miraserra.org.br\/index.php\/wp-json\/wp\/v2\/tags?post=1154"}],"curies":[{"name":"wp","href":"https:\/\/api.w.org\/{rel}","templated":true}]}}