{"id":1157,"date":"2018-04-18T10:19:45","date_gmt":"2018-04-18T13:19:45","guid":{"rendered":"http:\/\/miraserra.org.br\/?p=1157"},"modified":"2019-07-24T10:23:14","modified_gmt":"2019-07-24T13:23:14","slug":"ct-consema-e-zee","status":"publish","type":"post","link":"https:\/\/miraserra.org.br\/index.php\/2018\/04\/18\/ct-consema-e-zee\/","title":{"rendered":"CT CONSEMA e ZEE"},"content":{"rendered":"\n<p>C\u00e2mara T\u00e9cnica de Planejamento Ambiental do CONSEMA-RS, na tarde de 18\/4\/18, abordou o produto 31 \u2013<br> identificando as principais organiza\u00e7\u00f5es civis com potencial de articula\u00e7\u00e3o com o Zoneamento Ecol\u00f3gico-Economico do RS (ZEE-RS). A representante da MIRA-SERRA alertou para a aus\u00eancia de inclus\u00e3o do Comit\u00ea Estadual da Reserva da Biosfera da Mata Atl\u00e2ntica-RS, sem o qual se cria uma lacuna no resultado da matriz SWOT. Destacou que, desde o in\u00edcio dos trabalhos, tem citado a import\u00e2ncia deste colegiado. A equipe consulturora concordou e dever\u00e1 adequar.<\/p>\n\n\n\n<ul class=\"wp-block-gallery columns-3 is-cropped wp-block-gallery-1 is-layout-flex wp-block-gallery-is-layout-flex\"><li class=\"blocks-gallery-item\"><figure><img loading=\"lazy\" decoding=\"async\" width=\"300\" height=\"225\" src=\"http:\/\/miraserra.org.br\/wp-content\/uploads\/2019\/07\/30708369_2086554208025390_5814531625882484736_n-300x225.jpg\" alt=\"\" data-id=\"1159\" data-link=\"http:\/\/miraserra.org.br\/?attachment_id=1159\" class=\"wp-image-1159\"\/><\/figure><\/li><li class=\"blocks-gallery-item\"><figure><img loading=\"lazy\" decoding=\"async\" width=\"300\" height=\"225\" src=\"http:\/\/miraserra.org.br\/wp-content\/uploads\/2019\/07\/30715192_2086554288025382_2032298221463666688_n-300x225.jpg\" alt=\"\" data-id=\"1160\" data-link=\"http:\/\/miraserra.org.br\/?attachment_id=1160\" class=\"wp-image-1160\"\/><\/figure><\/li><li class=\"blocks-gallery-item\"><figure><img loading=\"lazy\" decoding=\"async\" width=\"300\" height=\"225\" src=\"http:\/\/miraserra.org.br\/wp-content\/uploads\/2019\/07\/30727185_2086554154692062_3922359877841715200_n-300x225.jpg\" alt=\"\" data-id=\"1161\" data-link=\"http:\/\/miraserra.org.br\/?attachment_id=1161\" class=\"wp-image-1161\"\/><\/figure><\/li><\/ul>\n","protected":false},"excerpt":{"rendered":"<p>C\u00e2mara T\u00e9cnica de Planejamento Ambiental do CONSEMA-RS, na tarde de 18\/4\/18, abordou o produto 31 \u2013 identificando as principais organiza\u00e7\u00f5es<\/p>\n","protected":false},"author":1,"featured_media":1158,"comment_status":"closed","ping_status":"closed","sticky":false,"template":"","format":"standard","meta":{"colormag_page_container_layout":"default_layout","colormag_page_sidebar_layout":"default_layout","_themeisle_gutenberg_block_has_review":false,"footnotes":""},"categories":[58,96],"tags":[],"class_list":["post-1157","post","type-post","status-publish","format-standard","has-post-thumbnail","hentry","category-consema-rs","category-ctp-planejamento-ambiental"],"_links":{"self":[{"href":"https:\/\/miraserra.org.br\/index.php\/wp-json\/wp\/v2\/posts\/1157","targetHints":{"allow":["GET"]}}],"collection":[{"href":"https:\/\/miraserra.org.br\/index.php\/wp-json\/wp\/v2\/posts"}],"about":[{"href":"https:\/\/miraserra.org.br\/index.php\/wp-json\/wp\/v2\/types\/post"}],"author":[{"embeddable":true,"href":"https:\/\/miraserra.org.br\/index.php\/wp-json\/wp\/v2\/users\/1"}],"replies":[{"embeddable":true,"href":"https:\/\/miraserra.org.br\/index.php\/wp-json\/wp\/v2\/comments?post=1157"}],"version-history":[{"count":1,"href":"https:\/\/miraserra.org.br\/index.php\/wp-json\/wp\/v2\/posts\/1157\/revisions"}],"predecessor-version":[{"id":1163,"href":"https:\/\/miraserra.org.br\/index.php\/wp-json\/wp\/v2\/posts\/1157\/revisions\/1163"}],"wp:featuredmedia":[{"embeddable":true,"href":"https:\/\/miraserra.org.br\/index.php\/wp-json\/wp\/v2\/media\/1158"}],"wp:attachment":[{"href":"https:\/\/miraserra.org.br\/index.php\/wp-json\/wp\/v2\/media?parent=1157"}],"wp:term":[{"taxonomy":"category","embeddable":true,"href":"https:\/\/miraserra.org.br\/index.php\/wp-json\/wp\/v2\/categories?post=1157"},{"taxonomy":"post_tag","embeddable":true,"href":"https:\/\/miraserra.org.br\/index.php\/wp-json\/wp\/v2\/tags?post=1157"}],"curies":[{"name":"wp","href":"https:\/\/api.w.org\/{rel}","templated":true}]}}