{"id":1187,"date":"2018-03-13T11:42:12","date_gmt":"2018-03-13T14:42:12","guid":{"rendered":"http:\/\/miraserra.org.br\/?p=1187"},"modified":"2019-07-24T11:47:25","modified_gmt":"2019-07-24T14:47:25","slug":"parques-nacionais-preocupam-a-ong","status":"publish","type":"post","link":"https:\/\/miraserra.org.br\/index.php\/2018\/03\/13\/parques-nacionais-preocupam-a-ong\/","title":{"rendered":"PARQUES NACIONAIS PREOCUPAM A ONG"},"content":{"rendered":"\n<p>Alguns integrantes do Conselho Consultivo dos Parques Nacionais Aparados da Serra e da Serra Geral deixaram a reuni\u00e3o muito apreensivos.As propostas e execu\u00e7\u00e3o de a\u00e7\u00f5es, dentro de uma \u00e1rea t\u00e3o sens\u00edvel, tem sido tecnicamente criticadas,inclusive pela MIRA-SERRA \u2013 empossada em vaga para entidade ambientalista A preocupa\u00e7\u00e3o da MIRA-SERRA foi levada ao Comit\u00ea Estadual da Reserva da Biosfera da Mata Atl\u00e2ntica, que enviou of\u00edcio sobre o assunto, ap\u00f3s reuni\u00e3o de grupo de trabalho. Apesar de tantas manifesta\u00e7\u00f5es t\u00e9cnicas contr\u00e1rias documentadas, o Conselho aprovou altera\u00e7\u00f5es pontuais, que p\u00f5em em risco a biodiversidade local, de um Plano de Manejo muito desatualizado. A preocupa\u00e7\u00e3o da MIRA-SERRA foi externada, tamb\u00e9m, em of\u00edcio \u00e0 gest\u00e3o dos Parques, solicitando esclarecimentos relativos \u00e0 interfer\u00eancia em ambientes sens\u00edveis \u2013 sem que houvesse estudo de impacto de carga, por exemplo. Ali\u00e1s, outros Parques Nacionais foram adicionalmente citados pela representante da ONG, na plen\u00e1ria do Conselho Nacional do Meio Ambiente \/ CONAMA, em 2017.<\/p>\n\n\n\n<ul class=\"wp-block-gallery columns-3 is-cropped wp-block-gallery-1 is-layout-flex wp-block-gallery-is-layout-flex\"><li class=\"blocks-gallery-item\"><figure><img loading=\"lazy\" decoding=\"async\" width=\"720\" height=\"445\" src=\"http:\/\/miraserra.org.br\/wp-content\/uploads\/2019\/07\/29103879_2043702882310523_2342472521833512960_n-720x445-1.jpg\" alt=\"\" data-id=\"1189\" data-link=\"http:\/\/miraserra.org.br\/?attachment_id=1189\" class=\"wp-image-1189\" srcset=\"https:\/\/miraserra.org.br\/wp-content\/uploads\/2019\/07\/29103879_2043702882310523_2342472521833512960_n-720x445-1.jpg 720w, https:\/\/miraserra.org.br\/wp-content\/uploads\/2019\/07\/29103879_2043702882310523_2342472521833512960_n-720x445-1-300x185.jpg 300w\" sizes=\"auto, (max-width: 720px) 100vw, 720px\" \/><\/figure><\/li><li class=\"blocks-gallery-item\"><figure><img loading=\"lazy\" decoding=\"async\" width=\"768\" height=\"576\" src=\"http:\/\/miraserra.org.br\/wp-content\/uploads\/2019\/07\/29177293_2043702942310517_547285911340056576_n-768x576-1.jpg\" alt=\"\" data-id=\"1190\" data-link=\"http:\/\/miraserra.org.br\/?attachment_id=1190\" class=\"wp-image-1190\" srcset=\"https:\/\/miraserra.org.br\/wp-content\/uploads\/2019\/07\/29177293_2043702942310517_547285911340056576_n-768x576-1.jpg 768w, https:\/\/miraserra.org.br\/wp-content\/uploads\/2019\/07\/29177293_2043702942310517_547285911340056576_n-768x576-1-300x225.jpg 300w\" sizes=\"auto, (max-width: 768px) 100vw, 768px\" \/><\/figure><\/li><li class=\"blocks-gallery-item\"><figure><img loading=\"lazy\" decoding=\"async\" width=\"300\" height=\"225\" src=\"http:\/\/miraserra.org.br\/wp-content\/uploads\/2019\/07\/29178293_2045417885472356_8737851676536340480_n-300x225.jpg\" alt=\"\" data-id=\"1191\" data-link=\"http:\/\/miraserra.org.br\/?attachment_id=1191\" class=\"wp-image-1191\"\/><\/figure><\/li><li class=\"blocks-gallery-item\"><figure><img loading=\"lazy\" decoding=\"async\" width=\"300\" height=\"225\" src=\"http:\/\/miraserra.org.br\/wp-content\/uploads\/2019\/07\/29214326_2043703115643833_6627120617738993664_n-300x225.jpg\" alt=\"\" data-id=\"1192\" data-link=\"http:\/\/miraserra.org.br\/?attachment_id=1192\" class=\"wp-image-1192\"\/><\/figure><\/li><\/ul>\n","protected":false},"excerpt":{"rendered":"<p>Alguns integrantes do Conselho Consultivo dos Parques Nacionais Aparados da Serra e da Serra Geral deixaram a reuni\u00e3o muito apreensivos.As<\/p>\n","protected":false},"author":1,"featured_media":1188,"comment_status":"closed","ping_status":"closed","sticky":false,"template":"","format":"standard","meta":{"colormag_page_container_layout":"default_layout","colormag_page_sidebar_layout":"default_layout","_themeisle_gutenberg_block_has_review":false,"footnotes":""},"categories":[35,60],"tags":[],"class_list":["post-1187","post","type-post","status-publish","format-standard","has-post-thumbnail","hentry","category-parnas","category-principais"],"_links":{"self":[{"href":"https:\/\/miraserra.org.br\/index.php\/wp-json\/wp\/v2\/posts\/1187","targetHints":{"allow":["GET"]}}],"collection":[{"href":"https:\/\/miraserra.org.br\/index.php\/wp-json\/wp\/v2\/posts"}],"about":[{"href":"https:\/\/miraserra.org.br\/index.php\/wp-json\/wp\/v2\/types\/post"}],"author":[{"embeddable":true,"href":"https:\/\/miraserra.org.br\/index.php\/wp-json\/wp\/v2\/users\/1"}],"replies":[{"embeddable":true,"href":"https:\/\/miraserra.org.br\/index.php\/wp-json\/wp\/v2\/comments?post=1187"}],"version-history":[{"count":1,"href":"https:\/\/miraserra.org.br\/index.php\/wp-json\/wp\/v2\/posts\/1187\/revisions"}],"predecessor-version":[{"id":1193,"href":"https:\/\/miraserra.org.br\/index.php\/wp-json\/wp\/v2\/posts\/1187\/revisions\/1193"}],"wp:featuredmedia":[{"embeddable":true,"href":"https:\/\/miraserra.org.br\/index.php\/wp-json\/wp\/v2\/media\/1188"}],"wp:attachment":[{"href":"https:\/\/miraserra.org.br\/index.php\/wp-json\/wp\/v2\/media?parent=1187"}],"wp:term":[{"taxonomy":"category","embeddable":true,"href":"https:\/\/miraserra.org.br\/index.php\/wp-json\/wp\/v2\/categories?post=1187"},{"taxonomy":"post_tag","embeddable":true,"href":"https:\/\/miraserra.org.br\/index.php\/wp-json\/wp\/v2\/tags?post=1187"}],"curies":[{"name":"wp","href":"https:\/\/api.w.org\/{rel}","templated":true}]}}