{"id":1214,"date":"2018-02-01T13:14:35","date_gmt":"2018-02-01T15:14:35","guid":{"rendered":"http:\/\/miraserra.org.br\/?p=1214"},"modified":"2019-07-24T13:18:33","modified_gmt":"2019-07-24T16:18:33","slug":"consenso-na-reuniao-de-pareceristas-conama","status":"publish","type":"post","link":"https:\/\/miraserra.org.br\/index.php\/2018\/02\/01\/consenso-na-reuniao-de-pareceristas-conama\/","title":{"rendered":"CONSENSO NA REUNI\u00c3O DE PARECERISTAS \/CONAMA"},"content":{"rendered":"\n<p>MIRA-SERRA participou da reuni\u00e3o de pareceristas (1\/2\/2018), que tratou do pedido de vista \u00e0 proposta de Resolu\u00e7\u00e3o do Conselho Nacional do Meio Ambiente\/CONAMA, levada para plen\u00e1ria em novembro passado. A mat\u00e9ria trata dos padr\u00f5es de marca\u00e7\u00e3o da fauna silvestre em raz\u00e3o de uso e manejo em cativeiro. A MIRA-SERRA, entre outros pontos, apresentou parecer do geneticista Dr. Victor Hugo Valiati, da Unisinos, para subsidiar sua proposta de inclus\u00e3o da genotipagem dos reprodutores machos (al\u00e9m das f\u00eameas) e garantir a avalia\u00e7\u00e3o de paternidade com o uso, de no m\u00ednimo, 10 loci. O texto resultante desta reuni\u00e3o obteve consenso entre as entidades presentes.<\/p>\n","protected":false},"excerpt":{"rendered":"<p>MIRA-SERRA participou da reuni\u00e3o de pareceristas (1\/2\/2018), que tratou do pedido de vista \u00e0 proposta de Resolu\u00e7\u00e3o do Conselho Nacional<\/p>\n","protected":false},"author":1,"featured_media":1215,"comment_status":"closed","ping_status":"closed","sticky":false,"template":"","format":"standard","meta":{"colormag_page_container_layout":"default_layout","colormag_page_sidebar_layout":"default_layout","_themeisle_gutenberg_block_has_review":false,"footnotes":""},"categories":[56],"tags":[],"class_list":["post-1214","post","type-post","status-publish","format-standard","has-post-thumbnail","hentry","category-conama"],"_links":{"self":[{"href":"https:\/\/miraserra.org.br\/index.php\/wp-json\/wp\/v2\/posts\/1214","targetHints":{"allow":["GET"]}}],"collection":[{"href":"https:\/\/miraserra.org.br\/index.php\/wp-json\/wp\/v2\/posts"}],"about":[{"href":"https:\/\/miraserra.org.br\/index.php\/wp-json\/wp\/v2\/types\/post"}],"author":[{"embeddable":true,"href":"https:\/\/miraserra.org.br\/index.php\/wp-json\/wp\/v2\/users\/1"}],"replies":[{"embeddable":true,"href":"https:\/\/miraserra.org.br\/index.php\/wp-json\/wp\/v2\/comments?post=1214"}],"version-history":[{"count":1,"href":"https:\/\/miraserra.org.br\/index.php\/wp-json\/wp\/v2\/posts\/1214\/revisions"}],"predecessor-version":[{"id":1216,"href":"https:\/\/miraserra.org.br\/index.php\/wp-json\/wp\/v2\/posts\/1214\/revisions\/1216"}],"wp:featuredmedia":[{"embeddable":true,"href":"https:\/\/miraserra.org.br\/index.php\/wp-json\/wp\/v2\/media\/1215"}],"wp:attachment":[{"href":"https:\/\/miraserra.org.br\/index.php\/wp-json\/wp\/v2\/media?parent=1214"}],"wp:term":[{"taxonomy":"category","embeddable":true,"href":"https:\/\/miraserra.org.br\/index.php\/wp-json\/wp\/v2\/categories?post=1214"},{"taxonomy":"post_tag","embeddable":true,"href":"https:\/\/miraserra.org.br\/index.php\/wp-json\/wp\/v2\/tags?post=1214"}],"curies":[{"name":"wp","href":"https:\/\/api.w.org\/{rel}","templated":true}]}}