{"id":1217,"date":"2018-01-31T13:23:01","date_gmt":"2018-01-31T15:23:01","guid":{"rendered":"http:\/\/miraserra.org.br\/?p=1217"},"modified":"2019-07-24T13:31:06","modified_gmt":"2019-07-24T16:31:06","slug":"viva-as-rppns","status":"publish","type":"post","link":"https:\/\/miraserra.org.br\/index.php\/2018\/01\/31\/viva-as-rppns\/","title":{"rendered":"VIVA AS RPPNs!!!"},"content":{"rendered":"\n<p>31 de janeiro, agora oficialmente \u00e9 o DIA NACIONAL DAS RPPNs! Parab\u00e9ns a todos que participaram desta conquista! <\/p>\n\n\n\n<p>Parab\u00e9ns \u00e0queles que destinam suas \u00e1reas, perpetuamente, visando \u00e0 preserva\u00e7\u00e3o da biodiversidade brasileira para participa\u00e7\u00e3o dos benef\u00edcios \u00e0s comunidades!<br><a href=\"https:\/\/www.facebook.com\/photo.php?fbid=1784076488330302&amp;set=a.661573767247252.1073741825.100001839044028&amp;type=3&amp;fref=mentions\" target=\"_blank\" rel=\"noreferrer noopener\" aria-label=\"https:\/\/www.facebook.com\/photo.php?fbid=1784076488330302&amp;set=a.661573767247252.1073741825.10 0001839044028&amp;type=3&amp;fref=mentions (abre numa nova aba)\">https:\/\/www.facebook.com\/photo.php?fbid=1784076488330302&amp;set=a.661573767247252.1073741825.10 0001839044028&amp;type=3&amp;fref=mentions<\/a><\/p>\n\n\n\n<p><a href=\"https:\/\/www.facebook.com\/photo.php?fbid=1784076488330302&amp;set=a.661573767247252&amp;type=3&amp;theater\">https:\/\/www.facebook.com\/photo.php?fbid=1784076488330302&amp;set=a.661573767247252&amp;type=3&amp;theater<\/a><\/p>\n\n\n\n<p> Veja tamb\u00e9m:<a rel=\"noreferrer noopener\" aria-label=\" http:\/\/www.icmbio.gov.br\/portal\/ultimas-noticias\/20- geral\/9435-dia-nacional-das-rppns-e-celebrado-pelo-icmbio (abre numa nova aba)\" href=\"http:\/\/www.icmbio.gov.br\/portal\/ultimas-noticias\/20-%20geral\/9435-dia-nacional-das-rppns-e-celebrado-pelo-icmbio\" target=\"_blank\"> http:\/\/www.icmbio.gov.br\/portal\/ultimas-noticias\/20- geral\/9435-dia-nacional-das-rppns-e-celebrado-pelo-icmbio<\/a><\/p>\n\n\n\n<ul class=\"wp-block-gallery columns-2 is-cropped wp-block-gallery-1 is-layout-flex wp-block-gallery-is-layout-flex\"><li class=\"blocks-gallery-item\"><figure><img loading=\"lazy\" decoding=\"async\" width=\"300\" height=\"211\" src=\"http:\/\/miraserra.org.br\/wp-content\/uploads\/2019\/07\/RPPN-MIRA-SERRA-300x211.jpg\" alt=\"\" data-id=\"1222\" data-link=\"http:\/\/miraserra.org.br\/index.php\/2018\/01\/31\/viva-as-rppns\/rppn-mira-serra-300x211\/\" class=\"wp-image-1222\" srcset=\"https:\/\/miraserra.org.br\/wp-content\/uploads\/2019\/07\/RPPN-MIRA-SERRA-300x211.jpg 300w, https:\/\/miraserra.org.br\/wp-content\/uploads\/2019\/07\/RPPN-MIRA-SERRA-300x211-130x90.jpg 130w\" sizes=\"auto, (max-width: 300px) 100vw, 300px\" \/><\/figure><\/li><li class=\"blocks-gallery-item\"><figure><img loading=\"lazy\" decoding=\"async\" width=\"170\" height=\"64\" src=\"http:\/\/miraserra.org.br\/wp-content\/uploads\/2019\/07\/unnamed-1.jpg\" alt=\"\" data-id=\"1223\" data-link=\"http:\/\/miraserra.org.br\/index.php\/2018\/01\/31\/viva-as-rppns\/unnamed-1\/\" class=\"wp-image-1223\"\/><\/figure><\/li><\/ul>\n","protected":false},"excerpt":{"rendered":"<p>31 de janeiro, agora oficialmente \u00e9 o DIA NACIONAL DAS RPPNs! Parab\u00e9ns a todos que participaram desta conquista! Parab\u00e9ns \u00e0queles<\/p>\n","protected":false},"author":1,"featured_media":1220,"comment_status":"closed","ping_status":"closed","sticky":false,"template":"","format":"standard","meta":{"colormag_page_container_layout":"default_layout","colormag_page_sidebar_layout":"default_layout","_themeisle_gutenberg_block_has_review":false,"footnotes":""},"categories":[90],"tags":[],"class_list":["post-1217","post","type-post","status-publish","format-standard","has-post-thumbnail","hentry","category-cn-rppn"],"_links":{"self":[{"href":"https:\/\/miraserra.org.br\/index.php\/wp-json\/wp\/v2\/posts\/1217","targetHints":{"allow":["GET"]}}],"collection":[{"href":"https:\/\/miraserra.org.br\/index.php\/wp-json\/wp\/v2\/posts"}],"about":[{"href":"https:\/\/miraserra.org.br\/index.php\/wp-json\/wp\/v2\/types\/post"}],"author":[{"embeddable":true,"href":"https:\/\/miraserra.org.br\/index.php\/wp-json\/wp\/v2\/users\/1"}],"replies":[{"embeddable":true,"href":"https:\/\/miraserra.org.br\/index.php\/wp-json\/wp\/v2\/comments?post=1217"}],"version-history":[{"count":4,"href":"https:\/\/miraserra.org.br\/index.php\/wp-json\/wp\/v2\/posts\/1217\/revisions"}],"predecessor-version":[{"id":1224,"href":"https:\/\/miraserra.org.br\/index.php\/wp-json\/wp\/v2\/posts\/1217\/revisions\/1224"}],"wp:featuredmedia":[{"embeddable":true,"href":"https:\/\/miraserra.org.br\/index.php\/wp-json\/wp\/v2\/media\/1220"}],"wp:attachment":[{"href":"https:\/\/miraserra.org.br\/index.php\/wp-json\/wp\/v2\/media?parent=1217"}],"wp:term":[{"taxonomy":"category","embeddable":true,"href":"https:\/\/miraserra.org.br\/index.php\/wp-json\/wp\/v2\/categories?post=1217"},{"taxonomy":"post_tag","embeddable":true,"href":"https:\/\/miraserra.org.br\/index.php\/wp-json\/wp\/v2\/tags?post=1217"}],"curies":[{"name":"wp","href":"https:\/\/api.w.org\/{rel}","templated":true}]}}