{"id":1247,"date":"2017-12-11T11:12:41","date_gmt":"2017-12-11T13:12:41","guid":{"rendered":"http:\/\/miraserra.org.br\/?p=1247"},"modified":"2019-07-25T11:19:19","modified_gmt":"2019-07-25T14:19:19","slug":"mira-serra-e-nova-conselheira-em-parques-nacionais","status":"publish","type":"post","link":"https:\/\/miraserra.org.br\/index.php\/2017\/12\/11\/mira-serra-e-nova-conselheira-em-parques-nacionais\/","title":{"rendered":"MIRA-SERRA \u00e9 nova conselheira em Parques Nacionais"},"content":{"rendered":"\n<p>A MIRA-SERRA, integrante do conselho dos Parques Nacionais Aparados da Serra e Serra Geral, participou da reuni\u00e3o do dia 11\/12. Foram pontos da pauta :<\/p>\n\n\n\n<p> 1. Posse do novo Conselho, que foi transferido por n\u00e3o ter havido publica\u00e7\u00e3o em tempo h\u00e1bil no Di\u00e1rio Oficial da Uni\u00e3o.<\/p>\n\n\n\n<p>2. Apresenta\u00e7\u00e3o da Empresa PLANTUC para PROJETO para PARCERIAS AMBIENTAIS entre os sistemas P\u00daBLICO e PRIVADO dos PARQUES NACIONAIS APARADOS DA SERRA E SERRA GERAL A MIRASERRA<br> se pronunciou mostrando sua preocupa\u00e7\u00e3o com rela\u00e7\u00e3o ao acordo firmado entre a Chefe dos Parques e a Agro Latina e no caso da implanta\u00e7\u00e3o da trilha do Canion Malacara. Ponderou que a chefe deveria seguir a orienta\u00e7\u00e3o de algum advogado para firmar tal acordo, face algumas fragilidades jur\u00eddicas encontradas na pe\u00e7a e insistiu na apresenta\u00e7\u00e3o do parecer jur\u00eddico e pede que o Conselho proceda da mesma forma. Anteriormente, a MIRA-SERRA havia enviado, em of\u00edcio, v\u00e1rios questiomentos \u00e0 gestora e ao ICMBio.<\/p>\n\n\n\n<figure class=\"wp-block-image\"><img loading=\"lazy\" decoding=\"async\" width=\"768\" height=\"576\" src=\"http:\/\/miraserra.org.br\/wp-content\/uploads\/2019\/07\/25158092_1942050425809103_8233419582866891064_n-768x576.jpg\" alt=\"\" class=\"wp-image-1249\" srcset=\"https:\/\/miraserra.org.br\/wp-content\/uploads\/2019\/07\/25158092_1942050425809103_8233419582866891064_n-768x576.jpg 768w, https:\/\/miraserra.org.br\/wp-content\/uploads\/2019\/07\/25158092_1942050425809103_8233419582866891064_n-768x576-300x225.jpg 300w\" sizes=\"auto, (max-width: 768px) 100vw, 768px\" \/><\/figure>\n","protected":false},"excerpt":{"rendered":"<p>A MIRA-SERRA, integrante do conselho dos Parques Nacionais Aparados da Serra e Serra Geral, participou da reuni\u00e3o do dia 11\/12.<\/p>\n","protected":false},"author":1,"featured_media":1248,"comment_status":"closed","ping_status":"closed","sticky":false,"template":"","format":"standard","meta":{"colormag_page_container_layout":"default_layout","colormag_page_sidebar_layout":"default_layout","_themeisle_gutenberg_block_has_review":false,"footnotes":""},"categories":[35],"tags":[],"class_list":["post-1247","post","type-post","status-publish","format-standard","has-post-thumbnail","hentry","category-parnas"],"_links":{"self":[{"href":"https:\/\/miraserra.org.br\/index.php\/wp-json\/wp\/v2\/posts\/1247","targetHints":{"allow":["GET"]}}],"collection":[{"href":"https:\/\/miraserra.org.br\/index.php\/wp-json\/wp\/v2\/posts"}],"about":[{"href":"https:\/\/miraserra.org.br\/index.php\/wp-json\/wp\/v2\/types\/post"}],"author":[{"embeddable":true,"href":"https:\/\/miraserra.org.br\/index.php\/wp-json\/wp\/v2\/users\/1"}],"replies":[{"embeddable":true,"href":"https:\/\/miraserra.org.br\/index.php\/wp-json\/wp\/v2\/comments?post=1247"}],"version-history":[{"count":1,"href":"https:\/\/miraserra.org.br\/index.php\/wp-json\/wp\/v2\/posts\/1247\/revisions"}],"predecessor-version":[{"id":1250,"href":"https:\/\/miraserra.org.br\/index.php\/wp-json\/wp\/v2\/posts\/1247\/revisions\/1250"}],"wp:featuredmedia":[{"embeddable":true,"href":"https:\/\/miraserra.org.br\/index.php\/wp-json\/wp\/v2\/media\/1248"}],"wp:attachment":[{"href":"https:\/\/miraserra.org.br\/index.php\/wp-json\/wp\/v2\/media?parent=1247"}],"wp:term":[{"taxonomy":"category","embeddable":true,"href":"https:\/\/miraserra.org.br\/index.php\/wp-json\/wp\/v2\/categories?post=1247"},{"taxonomy":"post_tag","embeddable":true,"href":"https:\/\/miraserra.org.br\/index.php\/wp-json\/wp\/v2\/tags?post=1247"}],"curies":[{"name":"wp","href":"https:\/\/api.w.org\/{rel}","templated":true}]}}