{"id":1268,"date":"2017-11-16T14:21:35","date_gmt":"2017-11-16T16:21:35","guid":{"rendered":"http:\/\/miraserra.org.br\/?p=1268"},"modified":"2019-07-25T14:24:09","modified_gmt":"2019-07-25T17:24:09","slug":"primeira-reuniao-2018-do-consema-rs","status":"publish","type":"post","link":"https:\/\/miraserra.org.br\/index.php\/2017\/11\/16\/primeira-reuniao-2018-do-consema-rs\/","title":{"rendered":"PRIMEIRA REUNI\u00c3O 2018 DO CONSEMA-RS"},"content":{"rendered":"\n<p>Reuni\u00f5es da C\u00e2mara T\u00e9cnica de Gest\u00e3o Compartilhada Estado- Munic\u00edpio, do Conselho Estadual do Meio Ambiente, finalizando avalia\u00e7\u00e3o das altera\u00e7\u00f5es na Resolu\u00e7\u00e3o CONSEMA 288.<\/p>\n\n\n\n<figure class=\"wp-block-image\"><img loading=\"lazy\" decoding=\"async\" width=\"768\" height=\"576\" src=\"http:\/\/miraserra.org.br\/wp-content\/uploads\/2019\/07\/23561413_1738032076268077_4630195775656185538_n-768x576.jpg\" alt=\"\" class=\"wp-image-1271\" srcset=\"https:\/\/miraserra.org.br\/wp-content\/uploads\/2019\/07\/23561413_1738032076268077_4630195775656185538_n-768x576.jpg 768w, https:\/\/miraserra.org.br\/wp-content\/uploads\/2019\/07\/23561413_1738032076268077_4630195775656185538_n-768x576-300x225.jpg 300w\" sizes=\"auto, (max-width: 768px) 100vw, 768px\" \/><\/figure>\n","protected":false},"excerpt":{"rendered":"<p>Reuni\u00f5es da C\u00e2mara T\u00e9cnica de Gest\u00e3o Compartilhada Estado- Munic\u00edpio, do Conselho Estadual do Meio Ambiente, finalizando avalia\u00e7\u00e3o das altera\u00e7\u00f5es na<\/p>\n","protected":false},"author":1,"featured_media":1269,"comment_status":"closed","ping_status":"closed","sticky":false,"template":"","format":"standard","meta":{"colormag_page_container_layout":"default_layout","colormag_page_sidebar_layout":"default_layout","_themeisle_gutenberg_block_has_review":false,"footnotes":""},"categories":[58,95],"tags":[],"class_list":["post-1268","post","type-post","status-publish","format-standard","has-post-thumbnail","hentry","category-consema-rs","category-ctp-gcem"],"_links":{"self":[{"href":"https:\/\/miraserra.org.br\/index.php\/wp-json\/wp\/v2\/posts\/1268","targetHints":{"allow":["GET"]}}],"collection":[{"href":"https:\/\/miraserra.org.br\/index.php\/wp-json\/wp\/v2\/posts"}],"about":[{"href":"https:\/\/miraserra.org.br\/index.php\/wp-json\/wp\/v2\/types\/post"}],"author":[{"embeddable":true,"href":"https:\/\/miraserra.org.br\/index.php\/wp-json\/wp\/v2\/users\/1"}],"replies":[{"embeddable":true,"href":"https:\/\/miraserra.org.br\/index.php\/wp-json\/wp\/v2\/comments?post=1268"}],"version-history":[{"count":2,"href":"https:\/\/miraserra.org.br\/index.php\/wp-json\/wp\/v2\/posts\/1268\/revisions"}],"predecessor-version":[{"id":1272,"href":"https:\/\/miraserra.org.br\/index.php\/wp-json\/wp\/v2\/posts\/1268\/revisions\/1272"}],"wp:featuredmedia":[{"embeddable":true,"href":"https:\/\/miraserra.org.br\/index.php\/wp-json\/wp\/v2\/media\/1269"}],"wp:attachment":[{"href":"https:\/\/miraserra.org.br\/index.php\/wp-json\/wp\/v2\/media?parent=1268"}],"wp:term":[{"taxonomy":"category","embeddable":true,"href":"https:\/\/miraserra.org.br\/index.php\/wp-json\/wp\/v2\/categories?post=1268"},{"taxonomy":"post_tag","embeddable":true,"href":"https:\/\/miraserra.org.br\/index.php\/wp-json\/wp\/v2\/tags?post=1268"}],"curies":[{"name":"wp","href":"https:\/\/api.w.org\/{rel}","templated":true}]}}