{"id":1293,"date":"2017-09-12T20:32:36","date_gmt":"2017-09-12T23:32:36","guid":{"rendered":"http:\/\/miraserra.org.br\/?p=1293"},"modified":"2019-07-25T20:38:12","modified_gmt":"2019-07-25T23:38:12","slug":"cerbma-rs-demandas-de-ongs","status":"publish","type":"post","link":"https:\/\/miraserra.org.br\/index.php\/2017\/09\/12\/cerbma-rs-demandas-de-ongs\/","title":{"rendered":"CERBMA-RS: demandas de ONGs"},"content":{"rendered":"\n<p>Reuni\u00e3o do Comit\u00ea da Biosfea da Mata Atl\u00e2ntica (CERBMA-RS) pautou dois temas solicitados por ONGs: Zoneamento Ecol\u00f3gico-Econ\u00f4mico do RS, pedido pela Ara\u00e7\u00e1 &#8211; Piranga e,Conv\u00eanio a Mata Atl\u00e2ntica Estado-munic\u00edpio , demandado pela MIRA-SERRA. No primeiro item , a presidente do CONSEMA, junto com t\u00e9cnicos da SEMA e do Cons\u00f3rcio contratado, apresentou um breve<br> hist\u00f3rico e falou sobre o andamento dos trabalhos da fase de diagn\u00f3stico bem como os pr\u00f3ximos passos. Informou que o CONSEMA est\u00e1 acompanhando o processo, princialmente, atrav\u00e9s da C\u00e2mara T\u00e9cnica de Planejamento Ambiental. O segundo tema foi conduzido pelos t\u00e9cnicos do Departamento de Licenciamento Florestal. Apresentaram ferramentas e desafios para a melhoria do conv\u00eanio e seu monitoramento efetivo. A presidente da MIRA-SERRA destacou que na ata da 190\u00aa. reuni\u00e3o da C\u00e2mara T\u00e9cnica de Gest\u00e3o Compartilhada Estado Munic\u00edpio, ficou citada a sugest\u00e3o da ONG para que o Plano Municipal de Conserva\u00e7\u00e3o e Recupera\u00e7\u00e3o da Mata Atl\u00e2ntica seja adotado do conv\u00eanio nos moldes da experi\u00eancia do extinto SIGA-RS. Ficou deliberada uma manifesta\u00e7\u00e3o de apoio do CERBMA ao CONSEMA.<\/p>\n\n\n\n<ul class=\"wp-block-gallery columns-2 is-cropped wp-block-gallery-1 is-layout-flex wp-block-gallery-is-layout-flex\"><li class=\"blocks-gallery-item\"><figure><img loading=\"lazy\" decoding=\"async\" width=\"466\" height=\"350\" src=\"http:\/\/miraserra.org.br\/wp-content\/uploads\/2019\/07\/21731043_1843460645668082_8480709982471470884_n.jpg\" alt=\"\" data-id=\"1295\" data-link=\"http:\/\/miraserra.org.br\/?attachment_id=1295\" class=\"wp-image-1295\" srcset=\"https:\/\/miraserra.org.br\/wp-content\/uploads\/2019\/07\/21731043_1843460645668082_8480709982471470884_n.jpg 466w, https:\/\/miraserra.org.br\/wp-content\/uploads\/2019\/07\/21731043_1843460645668082_8480709982471470884_n-300x225.jpg 300w\" sizes=\"auto, (max-width: 466px) 100vw, 466px\" \/><\/figure><\/li><li class=\"blocks-gallery-item\"><figure><img loading=\"lazy\" decoding=\"async\" width=\"300\" height=\"225\" src=\"http:\/\/miraserra.org.br\/wp-content\/uploads\/2019\/07\/21751296_1843460682334745_356594535399144323_n-300x225.jpg\" alt=\"\" data-id=\"1296\" data-link=\"http:\/\/miraserra.org.br\/?attachment_id=1296\" class=\"wp-image-1296\"\/><\/figure><\/li><\/ul>\n","protected":false},"excerpt":{"rendered":"<p>Reuni\u00e3o do Comit\u00ea da Biosfea da Mata Atl\u00e2ntica (CERBMA-RS) pautou dois temas solicitados por ONGs: Zoneamento Ecol\u00f3gico-Econ\u00f4mico do RS, pedido<\/p>\n","protected":false},"author":1,"featured_media":1294,"comment_status":"closed","ping_status":"closed","sticky":false,"template":"","format":"standard","meta":{"colormag_page_container_layout":"default_layout","colormag_page_sidebar_layout":"default_layout","_themeisle_gutenberg_block_has_review":false,"footnotes":""},"categories":[50],"tags":[],"class_list":["post-1293","post","type-post","status-publish","format-standard","has-post-thumbnail","hentry","category-cerbma"],"_links":{"self":[{"href":"https:\/\/miraserra.org.br\/index.php\/wp-json\/wp\/v2\/posts\/1293","targetHints":{"allow":["GET"]}}],"collection":[{"href":"https:\/\/miraserra.org.br\/index.php\/wp-json\/wp\/v2\/posts"}],"about":[{"href":"https:\/\/miraserra.org.br\/index.php\/wp-json\/wp\/v2\/types\/post"}],"author":[{"embeddable":true,"href":"https:\/\/miraserra.org.br\/index.php\/wp-json\/wp\/v2\/users\/1"}],"replies":[{"embeddable":true,"href":"https:\/\/miraserra.org.br\/index.php\/wp-json\/wp\/v2\/comments?post=1293"}],"version-history":[{"count":1,"href":"https:\/\/miraserra.org.br\/index.php\/wp-json\/wp\/v2\/posts\/1293\/revisions"}],"predecessor-version":[{"id":1297,"href":"https:\/\/miraserra.org.br\/index.php\/wp-json\/wp\/v2\/posts\/1293\/revisions\/1297"}],"wp:featuredmedia":[{"embeddable":true,"href":"https:\/\/miraserra.org.br\/index.php\/wp-json\/wp\/v2\/media\/1294"}],"wp:attachment":[{"href":"https:\/\/miraserra.org.br\/index.php\/wp-json\/wp\/v2\/media?parent=1293"}],"wp:term":[{"taxonomy":"category","embeddable":true,"href":"https:\/\/miraserra.org.br\/index.php\/wp-json\/wp\/v2\/categories?post=1293"},{"taxonomy":"post_tag","embeddable":true,"href":"https:\/\/miraserra.org.br\/index.php\/wp-json\/wp\/v2\/tags?post=1293"}],"curies":[{"name":"wp","href":"https:\/\/api.w.org\/{rel}","templated":true}]}}