{"id":1298,"date":"2017-08-23T20:39:53","date_gmt":"2017-08-23T23:39:53","guid":{"rendered":"http:\/\/miraserra.org.br\/?p=1298"},"modified":"2019-07-25T20:48:58","modified_gmt":"2019-07-25T23:48:58","slug":"mira-serra-na-tribuna-livre-do-conama","status":"publish","type":"post","link":"https:\/\/miraserra.org.br\/index.php\/2017\/08\/23\/mira-serra-na-tribuna-livre-do-conama\/","title":{"rendered":"MIRA-SERRA NA TRIBUNA LIVRE DO CONAMA"},"content":{"rendered":"\n<p>Na plen\u00e1ria do Conselho Nacional do Meio Ambiente \/ CONAMA a representante da MIRA-SERRA levou quest\u00f5es que tem defendido, tamb\u00e9m, no CONSEMA-RS e outras inst\u00e2ncias pertinentes. Para tal, utilizou o espa\u00e7o \u201cTribuna Livre\u201d, como segue: <em>\u201cBom dia. Venho aqui externar a preocupa\u00e7\u00e3o, compartilhada com a RMA, com a CNRPPN e APEDeMA-RS, com o esquecimento, pelo poder p\u00fablico, dos CETAs e pelas UCs. No primeiro caso, assistimos o fechamento de unidades ou o abandono financeiro. Apesar do esfor\u00e7o de funcion\u00e1rios abnegados, as v\u00edtimas do tr\u00e1fico, agora, morrem pelo sucateamento e descaso\u2026at\u00e9 mesmo, pela falta de transporte ao destino adequado. J\u00e1 os PARNAs, categoria de prote\u00e7\u00e3o integral, padecem de toda esp\u00e9cie de infort\u00fanio. Seja pela gest\u00e3o que desconsidera a fragilidade ambiental, no af\u00e3 de angariar trocados para a sua sustentabilidade econ\u00f4mica, seja pela tentativa de recategoriza\u00e7\u00e3o para unidades t\u00e3o permissiva quanto APAs. O caso mais grave, e n\u00e3o pela primeira vez, foi o assassinato do guarda-parque Edilson, por ca\u00e7adores.<\/em> <\/p>\n\n\n\n<p> <em>Aliado a tudo isto, estamos presenciando um retrocesso na base legal ambiental, sem que tenhamos conquistado ( o que volto a lembrar) a implementa\u00e7\u00e3o do Fundo de Restaura\u00e7\u00e3o do bioma Mata Atl\u00e2ntica, institu\u00eddo na Lei 11428\/2006. A infeliz frase ouvida no congresso, de que manter a floresta em p\u00e9 tem custo, lamentavelmente \u00e9 verdadeira. Mas por outro lado. Tem sim, o custo de vidas humanas ceifadas na prote\u00e7\u00e3o da nossa biodiversidade. Tem sim, custo inestim\u00e1vel, das esp\u00e9cies subtra\u00eddas da natureza que sustentam o nosso padr\u00e3o de vida. O Brasil \u00e9 o pa\u00eds com maior n\u00famero de assassinatos de ambientalistas do planeta. Al\u00e9m de implorar por a\u00e7\u00f5es en\u00e9rgicas do MMA na defesa do patrim\u00f4nio natural, pe\u00e7o um minuto de sil\u00eancio pelo guardaparque Edilson e seus colegas que sobreviveram.\u201d<\/em> <\/p>\n\n\n\n<p>Da\u00ed em diante, prosseguiu dizendo que s\u00f3 quem est\u00e1 na condi\u00e7\u00e3o de amea\u00e7ado, como ela pr\u00f3pria e colegas, sabe como \u00e9. Que a sociedade civil tem tido a tarefa de proteger a natureza. Refor\u00e7ou o apelo ao MMA. Ainda, momeou os PARNAs citados na fala: Aparatos da Serra, Lagoa do Peixe e, como bem divulgado pela m\u00eddia, a Serra da Capivara. O minuto seguinte foi de sil\u00eancio. O Ministro Sarney Filho fez coment\u00e1rios sobre o PARNA Serra da Capivara e o ocorrido, bem como a\u00e7\u00f5es para conter desmatamentos dentro das UCs.<\/p>\n","protected":false},"excerpt":{"rendered":"<p>Na plen\u00e1ria do Conselho Nacional do Meio Ambiente \/ CONAMA a representante da MIRA-SERRA levou quest\u00f5es que tem defendido, tamb\u00e9m,<\/p>\n","protected":false},"author":1,"featured_media":1299,"comment_status":"closed","ping_status":"closed","sticky":false,"template":"","format":"standard","meta":{"colormag_page_container_layout":"default_layout","colormag_page_sidebar_layout":"default_layout","_themeisle_gutenberg_block_has_review":false,"footnotes":""},"categories":[56],"tags":[],"class_list":["post-1298","post","type-post","status-publish","format-standard","has-post-thumbnail","hentry","category-conama"],"_links":{"self":[{"href":"https:\/\/miraserra.org.br\/index.php\/wp-json\/wp\/v2\/posts\/1298","targetHints":{"allow":["GET"]}}],"collection":[{"href":"https:\/\/miraserra.org.br\/index.php\/wp-json\/wp\/v2\/posts"}],"about":[{"href":"https:\/\/miraserra.org.br\/index.php\/wp-json\/wp\/v2\/types\/post"}],"author":[{"embeddable":true,"href":"https:\/\/miraserra.org.br\/index.php\/wp-json\/wp\/v2\/users\/1"}],"replies":[{"embeddable":true,"href":"https:\/\/miraserra.org.br\/index.php\/wp-json\/wp\/v2\/comments?post=1298"}],"version-history":[{"count":1,"href":"https:\/\/miraserra.org.br\/index.php\/wp-json\/wp\/v2\/posts\/1298\/revisions"}],"predecessor-version":[{"id":1300,"href":"https:\/\/miraserra.org.br\/index.php\/wp-json\/wp\/v2\/posts\/1298\/revisions\/1300"}],"wp:featuredmedia":[{"embeddable":true,"href":"https:\/\/miraserra.org.br\/index.php\/wp-json\/wp\/v2\/media\/1299"}],"wp:attachment":[{"href":"https:\/\/miraserra.org.br\/index.php\/wp-json\/wp\/v2\/media?parent=1298"}],"wp:term":[{"taxonomy":"category","embeddable":true,"href":"https:\/\/miraserra.org.br\/index.php\/wp-json\/wp\/v2\/categories?post=1298"},{"taxonomy":"post_tag","embeddable":true,"href":"https:\/\/miraserra.org.br\/index.php\/wp-json\/wp\/v2\/tags?post=1298"}],"curies":[{"name":"wp","href":"https:\/\/api.w.org\/{rel}","templated":true}]}}