{"id":1308,"date":"2017-08-15T21:01:40","date_gmt":"2017-08-16T00:01:40","guid":{"rendered":"http:\/\/miraserra.org.br\/?p=1308"},"modified":"2019-07-25T21:08:42","modified_gmt":"2019-07-26T00:08:42","slug":"ct-segue-acompanhando-o-zee-rs","status":"publish","type":"post","link":"https:\/\/miraserra.org.br\/index.php\/2017\/08\/15\/ct-segue-acompanhando-o-zee-rs\/","title":{"rendered":"CT segue acompanhando o ZEE-RS"},"content":{"rendered":"\n<p>C\u00e2mara T\u00e9cnica Planejamento Ambiental do Conselho Estadual do Meio Ambiente (CONSEMA-RS) permanece acompanhando a elabora\u00e7\u00e3o do <a rel=\"noreferrer noopener\" aria-label=\"Zoneamento Zoneamento Ecol\u00f3gico-Econ\u00f4mico do Rio Grande do Sul. (abre numa nova aba)\" href=\"https:\/\/www.facebook.com\/zoneamentoecologicoeconomicodors\/?fref=mentions\" target=\"_blank\">Zoneamento Zoneamento Ecol\u00f3gico-Econ\u00f4mico do Rio Grande do Sul.<\/a><\/p>\n\n\n\n<p>Na pauta de hoje: Classifica\u00e7\u00e3o Climatica; Revis\u00e3o da disponibilidade h\u00eddrica; Balan\u00e7o hidrico; Volume armazenado; Vulnerabilidade \u00e0 contamina\u00e7\u00e3o da \u00e1gua subterr\u00e2nea; Vulnerabilidade \u00e0 eros\u00e3o dos solos; Zoneamento do meio f\u00edsico , indicando vulnerabilidades\/fragilidades de cada zona; Zoneamento intermedi\u00e1rio das vari\u00e1veis do meio bi\u00f3tico; elabora\u00e7\u00e3o de gradiente de vulnerabilidade e de fragilidade ecol\u00f3gica e, Zoneamento final do meio bi\u00f3tico. Deliberada a realiza\u00e7\u00e3o de reuni\u00e3o extraordin\u00e1ria, em 5\/9 , para tratar do progn\u00f3stico.<\/p>\n\n\n\n<figure class=\"wp-block-image\"><img loading=\"lazy\" decoding=\"async\" width=\"300\" height=\"225\" src=\"http:\/\/miraserra.org.br\/wp-content\/uploads\/2019\/07\/20170815_143438-300x225.jpg\" alt=\"\" class=\"wp-image-1309\"\/><figcaption><strong><em>Estiveram presentes os representantes da UPAN, <br>MIRA-SERRA e IGR\u00c9<\/em><\/strong><br><\/figcaption><\/figure>\n\n\n\n<ul class=\"wp-block-gallery columns-2 is-cropped wp-block-gallery-1 is-layout-flex wp-block-gallery-is-layout-flex\"><li class=\"blocks-gallery-item\"><figure><img loading=\"lazy\" decoding=\"async\" width=\"300\" height=\"225\" src=\"http:\/\/miraserra.org.br\/wp-content\/uploads\/2019\/07\/20170815_152122-300x225.jpg\" alt=\"\" data-id=\"1311\" data-link=\"http:\/\/miraserra.org.br\/?attachment_id=1311\" class=\"wp-image-1311\"\/><\/figure><\/li><li class=\"blocks-gallery-item\"><figure><img loading=\"lazy\" decoding=\"async\" width=\"300\" height=\"225\" src=\"http:\/\/miraserra.org.br\/wp-content\/uploads\/2019\/07\/20170815_155128-300x225.jpg\" alt=\"\" data-id=\"1312\" data-link=\"http:\/\/miraserra.org.br\/?attachment_id=1312\" class=\"wp-image-1312\"\/><\/figure><\/li><\/ul>\n","protected":false},"excerpt":{"rendered":"<p>C\u00e2mara T\u00e9cnica Planejamento Ambiental do Conselho Estadual do Meio Ambiente (CONSEMA-RS) permanece acompanhando a elabora\u00e7\u00e3o do Zoneamento Zoneamento Ecol\u00f3gico-Econ\u00f4mico do<\/p>\n","protected":false},"author":1,"featured_media":1310,"comment_status":"closed","ping_status":"closed","sticky":false,"template":"","format":"standard","meta":{"colormag_page_container_layout":"default_layout","colormag_page_sidebar_layout":"default_layout","_themeisle_gutenberg_block_has_review":false,"footnotes":""},"categories":[58,96],"tags":[],"class_list":["post-1308","post","type-post","status-publish","format-standard","has-post-thumbnail","hentry","category-consema-rs","category-ctp-planejamento-ambiental"],"_links":{"self":[{"href":"https:\/\/miraserra.org.br\/index.php\/wp-json\/wp\/v2\/posts\/1308","targetHints":{"allow":["GET"]}}],"collection":[{"href":"https:\/\/miraserra.org.br\/index.php\/wp-json\/wp\/v2\/posts"}],"about":[{"href":"https:\/\/miraserra.org.br\/index.php\/wp-json\/wp\/v2\/types\/post"}],"author":[{"embeddable":true,"href":"https:\/\/miraserra.org.br\/index.php\/wp-json\/wp\/v2\/users\/1"}],"replies":[{"embeddable":true,"href":"https:\/\/miraserra.org.br\/index.php\/wp-json\/wp\/v2\/comments?post=1308"}],"version-history":[{"count":1,"href":"https:\/\/miraserra.org.br\/index.php\/wp-json\/wp\/v2\/posts\/1308\/revisions"}],"predecessor-version":[{"id":1313,"href":"https:\/\/miraserra.org.br\/index.php\/wp-json\/wp\/v2\/posts\/1308\/revisions\/1313"}],"wp:featuredmedia":[{"embeddable":true,"href":"https:\/\/miraserra.org.br\/index.php\/wp-json\/wp\/v2\/media\/1310"}],"wp:attachment":[{"href":"https:\/\/miraserra.org.br\/index.php\/wp-json\/wp\/v2\/media?parent=1308"}],"wp:term":[{"taxonomy":"category","embeddable":true,"href":"https:\/\/miraserra.org.br\/index.php\/wp-json\/wp\/v2\/categories?post=1308"},{"taxonomy":"post_tag","embeddable":true,"href":"https:\/\/miraserra.org.br\/index.php\/wp-json\/wp\/v2\/tags?post=1308"}],"curies":[{"name":"wp","href":"https:\/\/api.w.org\/{rel}","templated":true}]}}