{"id":1322,"date":"2017-07-30T21:36:02","date_gmt":"2017-07-31T00:36:02","guid":{"rendered":"http:\/\/miraserra.org.br\/?p=1322"},"modified":"2019-07-25T21:42:32","modified_gmt":"2019-07-26T00:42:32","slug":"eleita-nova-coordenacao-para-a-apedema-rs","status":"publish","type":"post","link":"https:\/\/miraserra.org.br\/index.php\/2017\/07\/30\/eleita-nova-coordenacao-para-a-apedema-rs\/","title":{"rendered":"Eleita nova Coordena\u00e7\u00e3o para a APEDEMA\/RS"},"content":{"rendered":"\n<h4 class=\"wp-block-heading\">30\/07\/2017 apedemars Geral<\/h4>\n\n\n\n<p>Em assembleia geral realizada neste s\u00e1bado, 29\/7, foi eleita a nova coordena\u00e7\u00e3o da APEDeMA\/RS \u2013 Assembleia Permanente das Entidades de Defesa do Meio Ambiente, a federa\u00e7\u00e3o das entidades ambientalistas ga\u00fachas. Coordenar\u00e3o a institui\u00e7\u00e3o de 2017 a 2019, representantes do GESP \u2013 Grupo Ecol\u00f3gico Sentinela dos Pampas (Passo Fundo), UPAN \u2013 Uni\u00e3o Protetora do Ambiente Natural (S\u00e3o Leopoldo) e o Instituto Mira-Serra. Estas duas \u00faltimas entidades integraram tamb\u00e9m a gest\u00e3o anterior \u2013 o ING\u00c1 foi substitu\u00eddo pelo GESP.<\/p>\n\n\n\n<figure class=\"wp-block-image\"><img loading=\"lazy\" decoding=\"async\" width=\"800\" height=\"445\" src=\"http:\/\/miraserra.org.br\/wp-content\/uploads\/2019\/07\/20170729_141714-800x445.jpg\" alt=\"\" class=\"wp-image-1323\" srcset=\"https:\/\/miraserra.org.br\/wp-content\/uploads\/2019\/07\/20170729_141714-800x445.jpg 800w, https:\/\/miraserra.org.br\/wp-content\/uploads\/2019\/07\/20170729_141714-800x445-300x167.jpg 300w, https:\/\/miraserra.org.br\/wp-content\/uploads\/2019\/07\/20170729_141714-800x445-768x427.jpg 768w\" sizes=\"auto, (max-width: 800px) 100vw, 800px\" \/><figcaption><strong><em>Lisiane Becker, Rafael Altenhofen e Ana Carolina Martins da<br> Silva representar\u00e3o a APEDeMA\/RS<\/em><\/strong><\/figcaption><\/figure>\n\n\n\n<p>O encontro foi realizada em sala do Campus Central da UFRGS. Al\u00e9m dos presentes, houve participa\u00e7\u00e3o via Internet de diversas entidades. A gest\u00e3o que findou seus trabalhos apresentou relat\u00f3rio e uma avalia\u00e7\u00e3o sobre a\u00e7\u00f5es necess\u00e1rias nos pr\u00f3ximos anos. Houve a elei\u00e7\u00e3o e a posse da nova gest\u00e3o no mesmo evento. Como primeiras a\u00e7\u00f5es, a Coordena\u00e7\u00e3o vai iniciar as articula\u00e7\u00f5es para a realiza\u00e7\u00e3o de um novo Encontro Estadual de Entidades Ecol\u00f3gicas e qualificar melhor a comunica\u00e7\u00e3o interna e para a sociedade em geral. Em rela\u00e7\u00e3o \u00e0 problem\u00e1tica ambiental, a APEDeMA\/RS vai coordenar esfor\u00e7os no sentido de rebater propostas que visam eliminar avan\u00e7os na legisla\u00e7\u00e3o ambiental no Estado e no Pa\u00eds, atualmente em tramita\u00e7\u00e3o nos respectivos legislativos, e tamb\u00e9m a exigir que acabem os ataques \u00e0 milit\u00e2ncia ambiental no pa\u00eds. Os participantes da Assembleia agradeceram os integrantes da<br> gest\u00e3o anterior pelo trabalho que realizaram. Para contato com a nova dire\u00e7\u00e3o: apedemars@gmail.com ou por formul\u00e1rio de contato neste blog.<\/p>\n","protected":false},"excerpt":{"rendered":"<p>30\/07\/2017 apedemars Geral Em assembleia geral realizada neste s\u00e1bado, 29\/7, foi eleita a nova coordena\u00e7\u00e3o da APEDeMA\/RS \u2013 Assembleia Permanente<\/p>\n","protected":false},"author":1,"featured_media":1323,"comment_status":"closed","ping_status":"closed","sticky":false,"template":"","format":"standard","meta":{"colormag_page_container_layout":"default_layout","colormag_page_sidebar_layout":"default_layout","_themeisle_gutenberg_block_has_review":false,"footnotes":""},"categories":[26],"tags":[],"class_list":["post-1322","post","type-post","status-publish","format-standard","has-post-thumbnail","hentry","category-eventos"],"_links":{"self":[{"href":"https:\/\/miraserra.org.br\/index.php\/wp-json\/wp\/v2\/posts\/1322","targetHints":{"allow":["GET"]}}],"collection":[{"href":"https:\/\/miraserra.org.br\/index.php\/wp-json\/wp\/v2\/posts"}],"about":[{"href":"https:\/\/miraserra.org.br\/index.php\/wp-json\/wp\/v2\/types\/post"}],"author":[{"embeddable":true,"href":"https:\/\/miraserra.org.br\/index.php\/wp-json\/wp\/v2\/users\/1"}],"replies":[{"embeddable":true,"href":"https:\/\/miraserra.org.br\/index.php\/wp-json\/wp\/v2\/comments?post=1322"}],"version-history":[{"count":1,"href":"https:\/\/miraserra.org.br\/index.php\/wp-json\/wp\/v2\/posts\/1322\/revisions"}],"predecessor-version":[{"id":1324,"href":"https:\/\/miraserra.org.br\/index.php\/wp-json\/wp\/v2\/posts\/1322\/revisions\/1324"}],"wp:featuredmedia":[{"embeddable":true,"href":"https:\/\/miraserra.org.br\/index.php\/wp-json\/wp\/v2\/media\/1323"}],"wp:attachment":[{"href":"https:\/\/miraserra.org.br\/index.php\/wp-json\/wp\/v2\/media?parent=1322"}],"wp:term":[{"taxonomy":"category","embeddable":true,"href":"https:\/\/miraserra.org.br\/index.php\/wp-json\/wp\/v2\/categories?post=1322"},{"taxonomy":"post_tag","embeddable":true,"href":"https:\/\/miraserra.org.br\/index.php\/wp-json\/wp\/v2\/tags?post=1322"}],"curies":[{"name":"wp","href":"https:\/\/api.w.org\/{rel}","templated":true}]}}