{"id":1379,"date":"2017-07-18T10:54:43","date_gmt":"2017-07-18T13:54:43","guid":{"rendered":"http:\/\/miraserra.org.br\/?p=1379"},"modified":"2019-08-26T00:38:15","modified_gmt":"2019-08-26T03:38:15","slug":"cerbma-rs-e-a-interacao-com-os-desafios-da-pauta-indigena","status":"publish","type":"post","link":"https:\/\/miraserra.org.br\/index.php\/2017\/07\/18\/cerbma-rs-e-a-interacao-com-os-desafios-da-pauta-indigena\/","title":{"rendered":"CERBMA-RS E A INTERA\u00c7\u00c3O COM OS DESAFIOS DA PAUTA IND\u00cdGENA"},"content":{"rendered":"\n<p>A Reuni\u00e3o do Comit\u00ea Estadual da Reserva da Biosfera da Mata Atl\u00e2ntica(CERBMA-RS) ocorreu, excepcionalmente, no dia 18\/7 nas depend\u00eancias do Jardim Bot\u00e2nico. Por falta de qu\u00f3rum, somente a apresenta\u00e7\u00e3o do item \u201d Desafios da pauta ind\u00edgena e suas intera\u00e7\u00f5es com a Reserva da Biosfera da Mata Atl\u00e2ntica\u201d, pelo Conselho Estadual dos Povos Ind\u00edgenas (CEPIRS), se manteve na ordem do dia. Foram destaques a proposta de concilia\u00e7\u00e3o de objetivos para uso de \u00e1rea (EMBRAPA e Mbya Guarani), projeto de viveiros para orqu\u00eddeas e manejo ex situ de Queimadas\/Tayassu pecari. Houve esclarecimento de d\u00favidas dos membros do CERBMA. Questionamentos sobre a fauna silvestre ser\u00e3o alvo de outra reuni\u00e3o, dada a complexidade do tema. A MIRA-SERRA solicitou que, aproveitando a vinda da diretora do DEFAU\/SEMA, tamb\u00e9m se parte sobre como est\u00e1 sendo realizada a gest\u00e3o da fauna no RS.<\/p>\n\n\n\n<ul class=\"wp-block-gallery columns-2 is-cropped wp-block-gallery-1 is-layout-flex wp-block-gallery-is-layout-flex\"><li class=\"blocks-gallery-item\"><figure><img loading=\"lazy\" decoding=\"async\" width=\"768\" height=\"432\" src=\"http:\/\/miraserra.org.br\/wp-content\/uploads\/2019\/07\/20246206_1781473471866800_4808703639297772914_n-768x432.jpg\" alt=\"\" data-id=\"1381\" data-link=\"http:\/\/miraserra.org.br\/?attachment_id=1381\" class=\"wp-image-1381\" srcset=\"https:\/\/miraserra.org.br\/wp-content\/uploads\/2019\/07\/20246206_1781473471866800_4808703639297772914_n-768x432.jpg 768w, https:\/\/miraserra.org.br\/wp-content\/uploads\/2019\/07\/20246206_1781473471866800_4808703639297772914_n-768x432-300x169.jpg 300w\" sizes=\"auto, (max-width: 768px) 100vw, 768px\" \/><\/figure><\/li><li class=\"blocks-gallery-item\"><figure><img loading=\"lazy\" decoding=\"async\" width=\"300\" height=\"169\" src=\"http:\/\/miraserra.org.br\/wp-content\/uploads\/2019\/07\/20264871_1781473595200121_7666849149344936673_n-300x169.jpg\" alt=\"\" data-id=\"1382\" data-link=\"http:\/\/miraserra.org.br\/?attachment_id=1382\" class=\"wp-image-1382\"\/><\/figure><\/li><\/ul>\n","protected":false},"excerpt":{"rendered":"<p>A Reuni\u00e3o do Comit\u00ea Estadual da Reserva da Biosfera da Mata Atl\u00e2ntica(CERBMA-RS) ocorreu, excepcionalmente, no dia 18\/7 nas depend\u00eancias do<\/p>\n","protected":false},"author":1,"featured_media":1380,"comment_status":"closed","ping_status":"closed","sticky":false,"template":"","format":"standard","meta":{"colormag_page_container_layout":"default_layout","colormag_page_sidebar_layout":"default_layout","_themeisle_gutenberg_block_has_review":false,"footnotes":""},"categories":[50],"tags":[],"class_list":["post-1379","post","type-post","status-publish","format-standard","has-post-thumbnail","hentry","category-cerbma"],"_links":{"self":[{"href":"https:\/\/miraserra.org.br\/index.php\/wp-json\/wp\/v2\/posts\/1379","targetHints":{"allow":["GET"]}}],"collection":[{"href":"https:\/\/miraserra.org.br\/index.php\/wp-json\/wp\/v2\/posts"}],"about":[{"href":"https:\/\/miraserra.org.br\/index.php\/wp-json\/wp\/v2\/types\/post"}],"author":[{"embeddable":true,"href":"https:\/\/miraserra.org.br\/index.php\/wp-json\/wp\/v2\/users\/1"}],"replies":[{"embeddable":true,"href":"https:\/\/miraserra.org.br\/index.php\/wp-json\/wp\/v2\/comments?post=1379"}],"version-history":[{"count":1,"href":"https:\/\/miraserra.org.br\/index.php\/wp-json\/wp\/v2\/posts\/1379\/revisions"}],"predecessor-version":[{"id":1383,"href":"https:\/\/miraserra.org.br\/index.php\/wp-json\/wp\/v2\/posts\/1379\/revisions\/1383"}],"wp:featuredmedia":[{"embeddable":true,"href":"https:\/\/miraserra.org.br\/index.php\/wp-json\/wp\/v2\/media\/1380"}],"wp:attachment":[{"href":"https:\/\/miraserra.org.br\/index.php\/wp-json\/wp\/v2\/media?parent=1379"}],"wp:term":[{"taxonomy":"category","embeddable":true,"href":"https:\/\/miraserra.org.br\/index.php\/wp-json\/wp\/v2\/categories?post=1379"},{"taxonomy":"post_tag","embeddable":true,"href":"https:\/\/miraserra.org.br\/index.php\/wp-json\/wp\/v2\/tags?post=1379"}],"curies":[{"name":"wp","href":"https:\/\/api.w.org\/{rel}","templated":true}]}}