{"id":1398,"date":"2017-06-29T21:53:00","date_gmt":"2017-06-30T00:53:00","guid":{"rendered":"http:\/\/miraserra.org.br\/?p=1398"},"modified":"2019-07-26T21:57:15","modified_gmt":"2019-07-27T00:57:15","slug":"rppns-em-evidencia","status":"publish","type":"post","link":"https:\/\/miraserra.org.br\/index.php\/2017\/06\/29\/rppns-em-evidencia\/","title":{"rendered":"RPPNs em evid\u00eancia"},"content":{"rendered":"\n<p>Aconteceu, em Bras\u00edlia o 1\u00b0. F\u00f3rum Nacional de RPPNs (Reservas Particulares do Patrim\u00f4nio Natuaral), promovido pelo ICMBio com apoio da CNRPPN e SOS Mata Atl\u00e2ntica, no dia 29\/6\/2017. <\/p>\n\n\n\n<p>Organiza\u00e7\u00e3o exemplar!<\/p>\n\n\n\n<p>A coordenadora-presidente da MIRA-SERRA, tamb\u00e9m Diretora Tem\u00e1tica de Rela\u00e7\u00f5es Institucionais da CNRPPN, foi contemplada com um exemplar do livro \u201cParque Estadual Tr\u00eas Picos\u201c, do amigo Gustavo Pedro de Paula. Audit\u00f3rio lotado, e paineis com muito conte\u00fado, congregou RPPNistas, ONGs, representantes de \u00f3rg\u00e3os p\u00fablicos ambientais e consultores, entre outros. Ao final do evento, a plen\u00e1ria aprovou mo\u00e7\u00e3o contra vetos no PL das RPPNs, lido por Fl\u00e1vio Ojidos.<\/p>\n\n\n\n<ul class=\"wp-block-gallery columns-3 is-cropped wp-block-gallery-1 is-layout-flex wp-block-gallery-is-layout-flex\"><li class=\"blocks-gallery-item\"><figure><img loading=\"lazy\" decoding=\"async\" width=\"300\" height=\"169\" src=\"http:\/\/miraserra.org.br\/wp-content\/uploads\/2019\/07\/19598587_1758739180806896_249215979038124521_n-300x169.jpg\" alt=\"\" data-id=\"1400\" data-link=\"http:\/\/miraserra.org.br\/?attachment_id=1400\" class=\"wp-image-1400\"\/><\/figure><\/li><li class=\"blocks-gallery-item\"><figure><img loading=\"lazy\" decoding=\"async\" width=\"300\" height=\"169\" src=\"http:\/\/miraserra.org.br\/wp-content\/uploads\/2019\/07\/19642229_1758736827473798_7456615086741820277_n-300x169.jpg\" alt=\"\" data-id=\"1401\" data-link=\"http:\/\/miraserra.org.br\/?attachment_id=1401\" class=\"wp-image-1401\"\/><\/figure><\/li><li class=\"blocks-gallery-item\"><figure><img loading=\"lazy\" decoding=\"async\" width=\"300\" height=\"169\" src=\"http:\/\/miraserra.org.br\/wp-content\/uploads\/2019\/07\/19642264_1758739047473576_6076178160423479241_n-300x169-1.jpg\" alt=\"\" data-id=\"1402\" data-link=\"http:\/\/miraserra.org.br\/?attachment_id=1402\" class=\"wp-image-1402\"\/><\/figure><\/li><li class=\"blocks-gallery-item\"><figure><img loading=\"lazy\" decoding=\"async\" width=\"300\" height=\"169\" src=\"http:\/\/miraserra.org.br\/wp-content\/uploads\/2019\/07\/19642264_1758739047473576_6076178160423479241_n-300x169.jpg\" alt=\"\" data-id=\"1403\" data-link=\"http:\/\/miraserra.org.br\/?attachment_id=1403\" class=\"wp-image-1403\"\/><\/figure><\/li><li class=\"blocks-gallery-item\"><figure><img loading=\"lazy\" decoding=\"async\" width=\"300\" height=\"169\" src=\"http:\/\/miraserra.org.br\/wp-content\/uploads\/2019\/07\/19657080_1758739437473537_4141227566815776718_n-300x169.jpg\" alt=\"\" data-id=\"1404\" data-link=\"http:\/\/miraserra.org.br\/?attachment_id=1404\" class=\"wp-image-1404\"\/><\/figure><\/li><li class=\"blocks-gallery-item\"><figure><img loading=\"lazy\" decoding=\"async\" width=\"300\" height=\"168\" src=\"http:\/\/miraserra.org.br\/wp-content\/uploads\/2019\/07\/19657261_1758740257473455_8810044751807168071_n-300x168.jpg\" alt=\"\" data-id=\"1405\" data-link=\"http:\/\/miraserra.org.br\/?attachment_id=1405\" class=\"wp-image-1405\"\/><\/figure><\/li><li class=\"blocks-gallery-item\"><figure><img loading=\"lazy\" decoding=\"async\" width=\"227\" height=\"300\" src=\"http:\/\/miraserra.org.br\/wp-content\/uploads\/2019\/07\/19665569_1758736747473806_5157849534939284071_n-227x300.jpg\" alt=\"\" data-id=\"1406\" data-link=\"http:\/\/miraserra.org.br\/?attachment_id=1406\" class=\"wp-image-1406\"\/><\/figure><\/li><li class=\"blocks-gallery-item\"><figure><img loading=\"lazy\" decoding=\"async\" width=\"539\" height=\"960\" src=\"http:\/\/miraserra.org.br\/wp-content\/uploads\/2019\/07\/19702545_1758739927473488_7822148721386090610_n.jpg\" alt=\"\" data-id=\"1407\" data-link=\"http:\/\/miraserra.org.br\/?attachment_id=1407\" class=\"wp-image-1407\" srcset=\"https:\/\/miraserra.org.br\/wp-content\/uploads\/2019\/07\/19702545_1758739927473488_7822148721386090610_n.jpg 539w, https:\/\/miraserra.org.br\/wp-content\/uploads\/2019\/07\/19702545_1758739927473488_7822148721386090610_n-168x300.jpg 168w\" sizes=\"auto, (max-width: 539px) 100vw, 539px\" \/><\/figure><\/li><\/ul>\n","protected":false},"excerpt":{"rendered":"<p>Aconteceu, em Bras\u00edlia o 1\u00b0. F\u00f3rum Nacional de RPPNs (Reservas Particulares do Patrim\u00f4nio Natuaral), promovido pelo ICMBio com apoio da<\/p>\n","protected":false},"author":1,"featured_media":1399,"comment_status":"closed","ping_status":"closed","sticky":false,"template":"","format":"standard","meta":{"colormag_page_container_layout":"default_layout","colormag_page_sidebar_layout":"default_layout","_themeisle_gutenberg_block_has_review":false,"footnotes":""},"categories":[90,26],"tags":[],"class_list":["post-1398","post","type-post","status-publish","format-standard","has-post-thumbnail","hentry","category-cn-rppn","category-eventos"],"_links":{"self":[{"href":"https:\/\/miraserra.org.br\/index.php\/wp-json\/wp\/v2\/posts\/1398","targetHints":{"allow":["GET"]}}],"collection":[{"href":"https:\/\/miraserra.org.br\/index.php\/wp-json\/wp\/v2\/posts"}],"about":[{"href":"https:\/\/miraserra.org.br\/index.php\/wp-json\/wp\/v2\/types\/post"}],"author":[{"embeddable":true,"href":"https:\/\/miraserra.org.br\/index.php\/wp-json\/wp\/v2\/users\/1"}],"replies":[{"embeddable":true,"href":"https:\/\/miraserra.org.br\/index.php\/wp-json\/wp\/v2\/comments?post=1398"}],"version-history":[{"count":1,"href":"https:\/\/miraserra.org.br\/index.php\/wp-json\/wp\/v2\/posts\/1398\/revisions"}],"predecessor-version":[{"id":1408,"href":"https:\/\/miraserra.org.br\/index.php\/wp-json\/wp\/v2\/posts\/1398\/revisions\/1408"}],"wp:featuredmedia":[{"embeddable":true,"href":"https:\/\/miraserra.org.br\/index.php\/wp-json\/wp\/v2\/media\/1399"}],"wp:attachment":[{"href":"https:\/\/miraserra.org.br\/index.php\/wp-json\/wp\/v2\/media?parent=1398"}],"wp:term":[{"taxonomy":"category","embeddable":true,"href":"https:\/\/miraserra.org.br\/index.php\/wp-json\/wp\/v2\/categories?post=1398"},{"taxonomy":"post_tag","embeddable":true,"href":"https:\/\/miraserra.org.br\/index.php\/wp-json\/wp\/v2\/tags?post=1398"}],"curies":[{"name":"wp","href":"https:\/\/api.w.org\/{rel}","templated":true}]}}