{"id":1409,"date":"2017-06-22T22:06:29","date_gmt":"2017-06-23T01:06:29","guid":{"rendered":"http:\/\/miraserra.org.br\/?p=1409"},"modified":"2019-08-26T00:40:45","modified_gmt":"2019-08-26T03:40:45","slug":"conama-reuniao-de-junho","status":"publish","type":"post","link":"https:\/\/miraserra.org.br\/index.php\/2017\/06\/22\/conama-reuniao-de-junho\/","title":{"rendered":"CONAMA- reuni\u00e3o de junho"},"content":{"rendered":"\n<p>No dia 21\/6\/2017, as ONGs eleitas para o Conselho Nacional do Meio Ambiente (CONAMA), estiveram reunidas para avaliar solicita\u00e7\u00f5es de ingresso ao Cadastro Nacional de Entidades Ambientalistas. Al\u00e9m desta tarefa, discutiram assuntos internos, bem como recepcionaram o Secretr\u00e1rio de Articula\u00e7\u00e3o Institucional e Cidadania Ambiental \u2013 <em>Edson Duarte<\/em>. Na agenda do mesmo dia, participaram da reuni\u00e3o pr\u00e9-CONAMA. <\/p>\n\n\n\n<p>Na plen\u00e1ria do CONAMA (22\/06\/2017), a presidente da MIRA-SERRA utilizando o espa\u00e7o Tribuna Livre, alertou:<br><em>Mais um dia da Mata Atl\u00e2ntica se passou (28\/5), assim como mais um ano sem que tiv\u00e9ssemos a implementa\u00e7\u00e3o do Fundo Nacional de Restaura\u00e7\u00e3o deste bioma \u2013 criado por Lei em 2006. Mais um ano<br> sem que o mapa dos biomas IBGE 2004 fosse compatibilizando com o mapa de aplica\u00e7\u00e3o da Lei da Mata Atl\u00e2ntica IBGE 2008. ..mais um ano sem avan\u00e7os ambientais significativos mas com aumento do desmatamento.<\/em> <\/p>\n\n\n\n<p><em>Enquanto a sociedade civil valoriza o ambiente natural<br> protegido, e se esfor\u00e7a em perpetuar propriedades como UCS \u2026 (e aqui mencionou o f\u00f3rum Nacional de RPPNS que a acontecer\u00e1 em Bras\u00edlia nos dias 29 e 30, promovido pelo ICMBio com apoio da CNRPPN) \u2026vemos as manobras daqueles que deveriam zelar pelo bem comum do povo para reduzir as UCs P\u00fablicas e para dificultar a cria\u00e7\u00e3o de novas. Neste contexto, a RMA em defesa das UCs, vem externar rep\u00fadio ao uso indevido e ilegal de MPs e \u00e0 proposta do governo de perpetrar mais uma agress\u00e3o \u00e0s \u00e1reas protegidas com o envio de PL conforme anunciado pelo ministro Sarney.<\/em><\/p>\n\n\n\n<p>A plen\u00e1ria aprovou a Resolu\u00e7\u00e3o CONAMA que \u201creconhece a revoga\u00e7\u00e3o das resolu\u00e7\u00f5es discriminadas neste ato\u201d (Grupo Assessor \u2013 Impacto da Legisla\u00e7\u00e3o Superveniente sobre Resolu\u00e7\u00f5es CONAMA \/ Processo: 02000.000996\/2016-54). Duas outras propostas para novas Resolu\u00e7\u00f5es tiveram pedido de vista e sairam da pauta do dia. A reuni\u00e3o foi encerrada ap\u00f3s os relatos previstos na convoca\u00e7\u00e3o.<\/p>\n\n\n\n<p> Veja mais em:<br> <a rel=\"noreferrer noopener\" aria-label=\"http:\/\/www.mma.gov.br\/port\/conama\/reuniao\/dir1782\/Pauta_125a RO.pdf (abre numa nova aba)\" href=\"http:\/\/www2.mma.gov.br\/port\/conama\/reuniao\/dir1782\/Pauta_125aRO.pdf\" target=\"_blank\">http:\/\/www.mma.gov.br\/port\/conama\/reuniao\/dir1782\/Pauta_125a RO.pdf<\/a><\/p>\n\n\n\n<ul class=\"wp-block-gallery columns-2 is-cropped wp-block-gallery-1 is-layout-flex wp-block-gallery-is-layout-flex\"><li class=\"blocks-gallery-item\"><figure><img loading=\"lazy\" decoding=\"async\" width=\"528\" height=\"960\" src=\"http:\/\/miraserra.org.br\/wp-content\/uploads\/2019\/07\/cpcnea.jpg\" alt=\"\" data-id=\"1412\" data-link=\"http:\/\/miraserra.org.br\/index.php\/2019\/07\/26\/conama-reuniao-de-junho\/cpcnea\/\" class=\"wp-image-1412\" srcset=\"https:\/\/miraserra.org.br\/wp-content\/uploads\/2019\/07\/cpcnea.jpg 528w, https:\/\/miraserra.org.br\/wp-content\/uploads\/2019\/07\/cpcnea-165x300.jpg 165w\" sizes=\"auto, (max-width: 528px) 100vw, 528px\" \/><\/figure><\/li><li class=\"blocks-gallery-item\"><figure><img loading=\"lazy\" decoding=\"async\" width=\"768\" height=\"432\" src=\"http:\/\/miraserra.org.br\/wp-content\/uploads\/2019\/07\/preconama-768x432.jpg\" alt=\"\" data-id=\"1413\" data-link=\"http:\/\/miraserra.org.br\/index.php\/2019\/07\/26\/conama-reuniao-de-junho\/preconama-768x432\/\" class=\"wp-image-1413\" srcset=\"https:\/\/miraserra.org.br\/wp-content\/uploads\/2019\/07\/preconama-768x432.jpg 768w, https:\/\/miraserra.org.br\/wp-content\/uploads\/2019\/07\/preconama-768x432-300x169.jpg 300w\" sizes=\"auto, (max-width: 768px) 100vw, 768px\" \/><\/figure><\/li><\/ul>\n","protected":false},"excerpt":{"rendered":"<p>No dia 21\/6\/2017, as ONGs eleitas para o Conselho Nacional do Meio Ambiente (CONAMA), estiveram reunidas para avaliar solicita\u00e7\u00f5es de<\/p>\n","protected":false},"author":1,"featured_media":1411,"comment_status":"closed","ping_status":"closed","sticky":false,"template":"","format":"standard","meta":{"colormag_page_container_layout":"default_layout","colormag_page_sidebar_layout":"default_layout","_themeisle_gutenberg_block_has_review":false,"footnotes":""},"categories":[56],"tags":[],"class_list":["post-1409","post","type-post","status-publish","format-standard","has-post-thumbnail","hentry","category-conama"],"_links":{"self":[{"href":"https:\/\/miraserra.org.br\/index.php\/wp-json\/wp\/v2\/posts\/1409","targetHints":{"allow":["GET"]}}],"collection":[{"href":"https:\/\/miraserra.org.br\/index.php\/wp-json\/wp\/v2\/posts"}],"about":[{"href":"https:\/\/miraserra.org.br\/index.php\/wp-json\/wp\/v2\/types\/post"}],"author":[{"embeddable":true,"href":"https:\/\/miraserra.org.br\/index.php\/wp-json\/wp\/v2\/users\/1"}],"replies":[{"embeddable":true,"href":"https:\/\/miraserra.org.br\/index.php\/wp-json\/wp\/v2\/comments?post=1409"}],"version-history":[{"count":2,"href":"https:\/\/miraserra.org.br\/index.php\/wp-json\/wp\/v2\/posts\/1409\/revisions"}],"predecessor-version":[{"id":1414,"href":"https:\/\/miraserra.org.br\/index.php\/wp-json\/wp\/v2\/posts\/1409\/revisions\/1414"}],"wp:featuredmedia":[{"embeddable":true,"href":"https:\/\/miraserra.org.br\/index.php\/wp-json\/wp\/v2\/media\/1411"}],"wp:attachment":[{"href":"https:\/\/miraserra.org.br\/index.php\/wp-json\/wp\/v2\/media?parent=1409"}],"wp:term":[{"taxonomy":"category","embeddable":true,"href":"https:\/\/miraserra.org.br\/index.php\/wp-json\/wp\/v2\/categories?post=1409"},{"taxonomy":"post_tag","embeddable":true,"href":"https:\/\/miraserra.org.br\/index.php\/wp-json\/wp\/v2\/tags?post=1409"}],"curies":[{"name":"wp","href":"https:\/\/api.w.org\/{rel}","templated":true}]}}