{"id":1425,"date":"2017-06-17T22:26:41","date_gmt":"2017-06-18T01:26:41","guid":{"rendered":"http:\/\/miraserra.org.br\/?p=1425"},"modified":"2019-07-26T22:29:05","modified_gmt":"2019-07-27T01:29:05","slug":"demanda-na-serra-nordeste","status":"publish","type":"post","link":"https:\/\/miraserra.org.br\/index.php\/2017\/06\/17\/demanda-na-serra-nordeste\/","title":{"rendered":"DEMANDA NA SERRA NORDESTE"},"content":{"rendered":"\n<p>Onde ainda existem ecossistemas da Mata Atl\u00e2ntica ali, tamb\u00e9m, existe algu\u00e9m tentando proteg\u00ea-la. Foi para atender cidad\u00e3os preocupados, de S\u00e3o Francisco de Paula<br> e de Cambar\u00e1, que a coordenadora-presidente se reuniu com associados da MIRA-SERRA na serra no dia 7\/06\/2017 (s\u00e1bado). Definiu-se estrat\u00e9gias para obter informa\u00e7\u00f5es precisas, de modo a melhor conduzir as a\u00e7\u00f5es requeridas.<\/p>\n","protected":false},"excerpt":{"rendered":"<p>Onde ainda existem ecossistemas da Mata Atl\u00e2ntica ali, tamb\u00e9m, existe algu\u00e9m tentando proteg\u00ea-la. Foi para atender cidad\u00e3os preocupados, de S\u00e3o<\/p>\n","protected":false},"author":1,"featured_media":1426,"comment_status":"closed","ping_status":"closed","sticky":false,"template":"","format":"standard","meta":{"colormag_page_container_layout":"default_layout","colormag_page_sidebar_layout":"default_layout","_themeisle_gutenberg_block_has_review":false,"footnotes":""},"categories":[26],"tags":[],"class_list":["post-1425","post","type-post","status-publish","format-standard","has-post-thumbnail","hentry","category-eventos"],"_links":{"self":[{"href":"https:\/\/miraserra.org.br\/index.php\/wp-json\/wp\/v2\/posts\/1425","targetHints":{"allow":["GET"]}}],"collection":[{"href":"https:\/\/miraserra.org.br\/index.php\/wp-json\/wp\/v2\/posts"}],"about":[{"href":"https:\/\/miraserra.org.br\/index.php\/wp-json\/wp\/v2\/types\/post"}],"author":[{"embeddable":true,"href":"https:\/\/miraserra.org.br\/index.php\/wp-json\/wp\/v2\/users\/1"}],"replies":[{"embeddable":true,"href":"https:\/\/miraserra.org.br\/index.php\/wp-json\/wp\/v2\/comments?post=1425"}],"version-history":[{"count":1,"href":"https:\/\/miraserra.org.br\/index.php\/wp-json\/wp\/v2\/posts\/1425\/revisions"}],"predecessor-version":[{"id":1427,"href":"https:\/\/miraserra.org.br\/index.php\/wp-json\/wp\/v2\/posts\/1425\/revisions\/1427"}],"wp:featuredmedia":[{"embeddable":true,"href":"https:\/\/miraserra.org.br\/index.php\/wp-json\/wp\/v2\/media\/1426"}],"wp:attachment":[{"href":"https:\/\/miraserra.org.br\/index.php\/wp-json\/wp\/v2\/media?parent=1425"}],"wp:term":[{"taxonomy":"category","embeddable":true,"href":"https:\/\/miraserra.org.br\/index.php\/wp-json\/wp\/v2\/categories?post=1425"},{"taxonomy":"post_tag","embeddable":true,"href":"https:\/\/miraserra.org.br\/index.php\/wp-json\/wp\/v2\/tags?post=1425"}],"curies":[{"name":"wp","href":"https:\/\/api.w.org\/{rel}","templated":true}]}}