{"id":1431,"date":"2017-05-27T22:33:37","date_gmt":"2017-05-28T01:33:37","guid":{"rendered":"http:\/\/miraserra.org.br\/?p=1431"},"modified":"2019-07-26T22:36:47","modified_gmt":"2019-07-27T01:36:47","slug":"todo-dia-e-dia-da-mata-atlantica","status":"publish","type":"post","link":"https:\/\/miraserra.org.br\/index.php\/2017\/05\/27\/todo-dia-e-dia-da-mata-atlantica\/","title":{"rendered":"Todo dia \u00e9 dia da Mata Atl\u00e2ntica"},"content":{"rendered":"\n<p>Esta data (27 de maio) \u00e9 dedicada a um dos biomas mais<br> amea\u00e7ados de desaparecer do planeta: a Mata Atl\u00e2ntica e seus ecossistemas associados (as matas com Palmiteiros \u2013 <em>Euterpe edulis<\/em>, os Campos de Cima da Serra, os mangues, as florestas com Arauc\u00e1rias \u2013 <em>Araucaria angustifolia<\/em>, entre outras forma\u00e7\u00f5es). No que restou da Mata Atl\u00e2ntica, que cobria os 17 estados , cerca de 12% ainda \u00e9 respons\u00e1vel pela vida de 70% da popula\u00e7\u00e3o brasileira. Ent\u00e3o, \u00e9 com muito carinho que, a MIRA-SERRA e seu Posto Avan\u00e7ado da Reserva da Biosfera da Mata Atl\u00e2ntica, ajudam a manter duas \u00e1reas protegidas no Rio Grande do Sul! No entanto, a cada dia que passa, percebemos que todo o esfor\u00e7o \u00e9 pouco frente \u00e0s amea\u00e7as que se multiplicam. O cumprimento \u00e0 legisla\u00e7\u00e3o pertinente ainda est\u00e1 longe de acontecer.<br> \u00c9 preciso valorizar o que nos sustenta. \u00c9 necess\u00e1rio bom senso!<br> VIVA A BIODIVERSIDADE! VIVA A MATA ATL\u00c2NTICA!<\/p>\n","protected":false},"excerpt":{"rendered":"<p>Esta data (27 de maio) \u00e9 dedicada a um dos biomas mais amea\u00e7ados de desaparecer do planeta: a Mata Atl\u00e2ntica<\/p>\n","protected":false},"author":1,"featured_media":1432,"comment_status":"closed","ping_status":"closed","sticky":false,"template":"","format":"standard","meta":{"colormag_page_container_layout":"default_layout","colormag_page_sidebar_layout":"default_layout","_themeisle_gutenberg_block_has_review":false,"footnotes":""},"categories":[26],"tags":[],"class_list":["post-1431","post","type-post","status-publish","format-standard","has-post-thumbnail","hentry","category-eventos"],"_links":{"self":[{"href":"https:\/\/miraserra.org.br\/index.php\/wp-json\/wp\/v2\/posts\/1431","targetHints":{"allow":["GET"]}}],"collection":[{"href":"https:\/\/miraserra.org.br\/index.php\/wp-json\/wp\/v2\/posts"}],"about":[{"href":"https:\/\/miraserra.org.br\/index.php\/wp-json\/wp\/v2\/types\/post"}],"author":[{"embeddable":true,"href":"https:\/\/miraserra.org.br\/index.php\/wp-json\/wp\/v2\/users\/1"}],"replies":[{"embeddable":true,"href":"https:\/\/miraserra.org.br\/index.php\/wp-json\/wp\/v2\/comments?post=1431"}],"version-history":[{"count":1,"href":"https:\/\/miraserra.org.br\/index.php\/wp-json\/wp\/v2\/posts\/1431\/revisions"}],"predecessor-version":[{"id":1433,"href":"https:\/\/miraserra.org.br\/index.php\/wp-json\/wp\/v2\/posts\/1431\/revisions\/1433"}],"wp:featuredmedia":[{"embeddable":true,"href":"https:\/\/miraserra.org.br\/index.php\/wp-json\/wp\/v2\/media\/1432"}],"wp:attachment":[{"href":"https:\/\/miraserra.org.br\/index.php\/wp-json\/wp\/v2\/media?parent=1431"}],"wp:term":[{"taxonomy":"category","embeddable":true,"href":"https:\/\/miraserra.org.br\/index.php\/wp-json\/wp\/v2\/categories?post=1431"},{"taxonomy":"post_tag","embeddable":true,"href":"https:\/\/miraserra.org.br\/index.php\/wp-json\/wp\/v2\/tags?post=1431"}],"curies":[{"name":"wp","href":"https:\/\/api.w.org\/{rel}","templated":true}]}}