{"id":1434,"date":"2017-05-25T09:53:11","date_gmt":"2017-05-25T12:53:11","guid":{"rendered":"http:\/\/miraserra.org.br\/?p=1434"},"modified":"2019-07-27T09:58:51","modified_gmt":"2019-07-27T12:58:51","slug":"ministerio-publico-lanca-nova-publicacao","status":"publish","type":"post","link":"https:\/\/miraserra.org.br\/index.php\/2017\/05\/25\/ministerio-publico-lanca-nova-publicacao\/","title":{"rendered":"Minist\u00e9rio P\u00fablico lan\u00e7a nova publica\u00e7\u00e3o"},"content":{"rendered":"\n<p>No dia 25\/5\/17, a MIRA-SERRA prestigiou o evento que lan\u00e7ou a publica\u00e7\u00e3o \u201cA Atua\u00e7\u00e3o do Minist\u00e9rio P\u00fablico na \u00c1rea Ambiental\u201d. Excelentes palestrantes, painelistas e moderadores discorreram sobre patrim\u00f4nio cultural, altera\u00e7\u00f5es do C\u00f3digo Processual Civil nas a\u00e7\u00f5es coletivas e o Minist\u00e9rio P\u00fablico na \u00e1rea ambiental e sociedade. O evento foi realizado no audit\u00f3rio do Pal\u00e1cio do Minist\u00e9rio P\u00fablico, em Porto Alegre.<\/p>\n\n\n\n<ul class=\"wp-block-gallery columns-2 is-cropped wp-block-gallery-1 is-layout-flex wp-block-gallery-is-layout-flex\"><li class=\"blocks-gallery-item\"><figure><img loading=\"lazy\" decoding=\"async\" width=\"768\" height=\"432\" src=\"http:\/\/miraserra.org.br\/wp-content\/uploads\/2019\/07\/18620350_1711692665511548_6801003908977221661_n-768x432.jpg\" alt=\"\" data-id=\"1436\" data-link=\"http:\/\/miraserra.org.br\/?attachment_id=1436\" class=\"wp-image-1436\" srcset=\"https:\/\/miraserra.org.br\/wp-content\/uploads\/2019\/07\/18620350_1711692665511548_6801003908977221661_n-768x432.jpg 768w, https:\/\/miraserra.org.br\/wp-content\/uploads\/2019\/07\/18620350_1711692665511548_6801003908977221661_n-768x432-300x169.jpg 300w\" sizes=\"auto, (max-width: 768px) 100vw, 768px\" \/><\/figure><\/li><li class=\"blocks-gallery-item\"><figure><img loading=\"lazy\" decoding=\"async\" width=\"768\" height=\"432\" src=\"http:\/\/miraserra.org.br\/wp-content\/uploads\/2019\/07\/18620367_1711692552178226_7332072700585165326_n-768x432.jpg\" alt=\"\" data-id=\"1437\" data-link=\"http:\/\/miraserra.org.br\/?attachment_id=1437\" class=\"wp-image-1437\" srcset=\"https:\/\/miraserra.org.br\/wp-content\/uploads\/2019\/07\/18620367_1711692552178226_7332072700585165326_n-768x432.jpg 768w, https:\/\/miraserra.org.br\/wp-content\/uploads\/2019\/07\/18620367_1711692552178226_7332072700585165326_n-768x432-300x169.jpg 300w\" sizes=\"auto, (max-width: 768px) 100vw, 768px\" \/><\/figure><\/li><\/ul>\n","protected":false},"excerpt":{"rendered":"<p>No dia 25\/5\/17, a MIRA-SERRA prestigiou o evento que lan\u00e7ou a publica\u00e7\u00e3o \u201cA Atua\u00e7\u00e3o do Minist\u00e9rio P\u00fablico na \u00c1rea Ambiental\u201d.<\/p>\n","protected":false},"author":1,"featured_media":1435,"comment_status":"closed","ping_status":"closed","sticky":false,"template":"","format":"standard","meta":{"colormag_page_container_layout":"default_layout","colormag_page_sidebar_layout":"default_layout","_themeisle_gutenberg_block_has_review":false,"footnotes":""},"categories":[26],"tags":[],"class_list":["post-1434","post","type-post","status-publish","format-standard","has-post-thumbnail","hentry","category-eventos"],"_links":{"self":[{"href":"https:\/\/miraserra.org.br\/index.php\/wp-json\/wp\/v2\/posts\/1434","targetHints":{"allow":["GET"]}}],"collection":[{"href":"https:\/\/miraserra.org.br\/index.php\/wp-json\/wp\/v2\/posts"}],"about":[{"href":"https:\/\/miraserra.org.br\/index.php\/wp-json\/wp\/v2\/types\/post"}],"author":[{"embeddable":true,"href":"https:\/\/miraserra.org.br\/index.php\/wp-json\/wp\/v2\/users\/1"}],"replies":[{"embeddable":true,"href":"https:\/\/miraserra.org.br\/index.php\/wp-json\/wp\/v2\/comments?post=1434"}],"version-history":[{"count":1,"href":"https:\/\/miraserra.org.br\/index.php\/wp-json\/wp\/v2\/posts\/1434\/revisions"}],"predecessor-version":[{"id":1438,"href":"https:\/\/miraserra.org.br\/index.php\/wp-json\/wp\/v2\/posts\/1434\/revisions\/1438"}],"wp:featuredmedia":[{"embeddable":true,"href":"https:\/\/miraserra.org.br\/index.php\/wp-json\/wp\/v2\/media\/1435"}],"wp:attachment":[{"href":"https:\/\/miraserra.org.br\/index.php\/wp-json\/wp\/v2\/media?parent=1434"}],"wp:term":[{"taxonomy":"category","embeddable":true,"href":"https:\/\/miraserra.org.br\/index.php\/wp-json\/wp\/v2\/categories?post=1434"},{"taxonomy":"post_tag","embeddable":true,"href":"https:\/\/miraserra.org.br\/index.php\/wp-json\/wp\/v2\/tags?post=1434"}],"curies":[{"name":"wp","href":"https:\/\/api.w.org\/{rel}","templated":true}]}}