{"id":1439,"date":"2017-05-19T10:00:24","date_gmt":"2017-05-19T13:00:24","guid":{"rendered":"http:\/\/miraserra.org.br\/?p=1439"},"modified":"2019-07-28T18:02:28","modified_gmt":"2019-07-28T21:02:28","slug":"parceria-pela-mata-atlantica","status":"publish","type":"post","link":"https:\/\/miraserra.org.br\/index.php\/2017\/05\/19\/parceria-pela-mata-atlantica\/","title":{"rendered":"PARCERIA PELA MATA ATL\u00c2NTICA"},"content":{"rendered":"\n<p>O Posto Avan\u00e7ado da Reserva da Biosfera da Mata Atl\u00e2ntica (PARBMA) MIRA-SERRA \/ MaB-UNESCO, tem uma nova parceira: a Associa\u00e7\u00e3o Rural ITAPOR\u00c3, de Maquin\u00e9-RS.<\/p>\n\n\n\n<ul class=\"wp-block-gallery columns-2 is-cropped wp-block-gallery-1 is-layout-flex wp-block-gallery-is-layout-flex\"><li class=\"blocks-gallery-item\"><figure><img loading=\"lazy\" decoding=\"async\" width=\"768\" height=\"326\" src=\"http:\/\/miraserra.org.br\/wp-content\/uploads\/2019\/07\/Associa\u00e7\u00e3o-Rural-iTAPOR\u00c3-768x326.jpg\" alt=\"\" data-id=\"1440\" data-link=\"http:\/\/miraserra.org.br\/?attachment_id=1440\" class=\"wp-image-1440\" srcset=\"https:\/\/miraserra.org.br\/wp-content\/uploads\/2019\/07\/Associa\u00e7\u00e3o-Rural-iTAPOR\u00c3-768x326.jpg 768w, https:\/\/miraserra.org.br\/wp-content\/uploads\/2019\/07\/Associa\u00e7\u00e3o-Rural-iTAPOR\u00c3-768x326-300x127.jpg 300w\" sizes=\"auto, (max-width: 768px) 100vw, 768px\" \/><\/figure><\/li><li class=\"blocks-gallery-item\"><figure><img loading=\"lazy\" decoding=\"async\" width=\"300\" height=\"225\" src=\"http:\/\/miraserra.org.br\/wp-content\/uploads\/2019\/07\/futura-RPPN-ITAPOR\u00c3-300x225.jpg\" alt=\"\" data-id=\"1441\" data-link=\"http:\/\/miraserra.org.br\/?attachment_id=1441\" class=\"wp-image-1441\"\/><\/figure><\/li><li class=\"blocks-gallery-item\"><figure><img loading=\"lazy\" decoding=\"async\" width=\"300\" height=\"225\" src=\"http:\/\/miraserra.org.br\/wp-content\/uploads\/2019\/07\/MIRASERRA_RPPN-300x225.jpg\" alt=\"\" data-id=\"1442\" data-link=\"http:\/\/miraserra.org.br\/?attachment_id=1442\" class=\"wp-image-1442\"\/><\/figure><\/li><li class=\"blocks-gallery-item\"><figure><img loading=\"lazy\" decoding=\"async\" width=\"583\" height=\"410\" src=\"http:\/\/miraserra.org.br\/wp-content\/uploads\/2019\/07\/RPPN-MIRA-SERRA.jpg\" alt=\"\" data-id=\"1443\" data-link=\"http:\/\/miraserra.org.br\/?attachment_id=1443\" class=\"wp-image-1443\" srcset=\"https:\/\/miraserra.org.br\/wp-content\/uploads\/2019\/07\/RPPN-MIRA-SERRA.jpg 583w, https:\/\/miraserra.org.br\/wp-content\/uploads\/2019\/07\/RPPN-MIRA-SERRA-300x211.jpg 300w, https:\/\/miraserra.org.br\/wp-content\/uploads\/2019\/07\/RPPN-MIRA-SERRA-130x90.jpg 130w\" sizes=\"auto, (max-width: 583px) 100vw, 583px\" \/><\/figure><\/li><\/ul>\n\n\n\n<p>O t\u00edtulo de PARBMA foi dado \u00e0 composi\u00e7\u00e3o Instituto MIRA-SERRA \/ RPPN MIRA-SERRA (em S\u00e3o Francisco de Paula-RS), em 2006.<\/p>\n","protected":false},"excerpt":{"rendered":"<p>O Posto Avan\u00e7ado da Reserva da Biosfera da Mata Atl\u00e2ntica (PARBMA) MIRA-SERRA \/ MaB-UNESCO, tem uma nova parceira: a Associa\u00e7\u00e3o<\/p>\n","protected":false},"author":1,"featured_media":1442,"comment_status":"closed","ping_status":"closed","sticky":false,"template":"","format":"standard","meta":{"colormag_page_container_layout":"default_layout","colormag_page_sidebar_layout":"default_layout","_themeisle_gutenberg_block_has_review":false,"footnotes":""},"categories":[50,26,73],"tags":[],"class_list":["post-1439","post","type-post","status-publish","format-standard","has-post-thumbnail","hentry","category-cerbma","category-eventos","category-noticias"],"_links":{"self":[{"href":"https:\/\/miraserra.org.br\/index.php\/wp-json\/wp\/v2\/posts\/1439","targetHints":{"allow":["GET"]}}],"collection":[{"href":"https:\/\/miraserra.org.br\/index.php\/wp-json\/wp\/v2\/posts"}],"about":[{"href":"https:\/\/miraserra.org.br\/index.php\/wp-json\/wp\/v2\/types\/post"}],"author":[{"embeddable":true,"href":"https:\/\/miraserra.org.br\/index.php\/wp-json\/wp\/v2\/users\/1"}],"replies":[{"embeddable":true,"href":"https:\/\/miraserra.org.br\/index.php\/wp-json\/wp\/v2\/comments?post=1439"}],"version-history":[{"count":1,"href":"https:\/\/miraserra.org.br\/index.php\/wp-json\/wp\/v2\/posts\/1439\/revisions"}],"predecessor-version":[{"id":1444,"href":"https:\/\/miraserra.org.br\/index.php\/wp-json\/wp\/v2\/posts\/1439\/revisions\/1444"}],"wp:featuredmedia":[{"embeddable":true,"href":"https:\/\/miraserra.org.br\/index.php\/wp-json\/wp\/v2\/media\/1442"}],"wp:attachment":[{"href":"https:\/\/miraserra.org.br\/index.php\/wp-json\/wp\/v2\/media?parent=1439"}],"wp:term":[{"taxonomy":"category","embeddable":true,"href":"https:\/\/miraserra.org.br\/index.php\/wp-json\/wp\/v2\/categories?post=1439"},{"taxonomy":"post_tag","embeddable":true,"href":"https:\/\/miraserra.org.br\/index.php\/wp-json\/wp\/v2\/tags?post=1439"}],"curies":[{"name":"wp","href":"https:\/\/api.w.org\/{rel}","templated":true}]}}