{"id":1451,"date":"2017-05-09T10:15:47","date_gmt":"2017-05-09T13:15:47","guid":{"rendered":"http:\/\/miraserra.org.br\/?p=1451"},"modified":"2019-07-27T10:18:57","modified_gmt":"2019-07-27T13:18:57","slug":"minuta-de-decreto","status":"publish","type":"post","link":"https:\/\/miraserra.org.br\/index.php\/2017\/05\/09\/minuta-de-decreto\/","title":{"rendered":"MINUTA DE DECRETO"},"content":{"rendered":"\n<p>A minuta de decreto estadual foi o principal ponto de pauta da reuni\u00e3o do Comit\u00ea Estadual da Reserva da Biosfera da Mata Atl\u00e2ntica -RS. A proposta foi apreciada pelos conselheiros que deliberaram por enviar para discuss\u00e3o interna. CONSEMA e CERBMA ter\u00e3o 2 meses para encaminhar suas contribui\u00e7\u00f5es ao texto. Resolu\u00e7\u00e3o 01-97 &#8211; Proposta de Minuta de Decreto<\/p>\n\n\n\n<div class=\"wp-block-image\"><figure class=\"aligncenter is-resized\"><img loading=\"lazy\" decoding=\"async\" src=\"http:\/\/miraserra.org.br\/wp-content\/uploads\/2019\/07\/comite_rs.jpg\" alt=\"\" class=\"wp-image-1452\" width=\"202\" height=\"174\"\/><\/figure><\/div>\n","protected":false},"excerpt":{"rendered":"<p>A minuta de decreto estadual foi o principal ponto de pauta da reuni\u00e3o do Comit\u00ea Estadual da Reserva da Biosfera<\/p>\n","protected":false},"author":1,"featured_media":1452,"comment_status":"closed","ping_status":"closed","sticky":false,"template":"","format":"standard","meta":{"colormag_page_container_layout":"default_layout","colormag_page_sidebar_layout":"default_layout","_themeisle_gutenberg_block_has_review":false,"footnotes":""},"categories":[50],"tags":[],"class_list":["post-1451","post","type-post","status-publish","format-standard","has-post-thumbnail","hentry","category-cerbma"],"_links":{"self":[{"href":"https:\/\/miraserra.org.br\/index.php\/wp-json\/wp\/v2\/posts\/1451","targetHints":{"allow":["GET"]}}],"collection":[{"href":"https:\/\/miraserra.org.br\/index.php\/wp-json\/wp\/v2\/posts"}],"about":[{"href":"https:\/\/miraserra.org.br\/index.php\/wp-json\/wp\/v2\/types\/post"}],"author":[{"embeddable":true,"href":"https:\/\/miraserra.org.br\/index.php\/wp-json\/wp\/v2\/users\/1"}],"replies":[{"embeddable":true,"href":"https:\/\/miraserra.org.br\/index.php\/wp-json\/wp\/v2\/comments?post=1451"}],"version-history":[{"count":1,"href":"https:\/\/miraserra.org.br\/index.php\/wp-json\/wp\/v2\/posts\/1451\/revisions"}],"predecessor-version":[{"id":1453,"href":"https:\/\/miraserra.org.br\/index.php\/wp-json\/wp\/v2\/posts\/1451\/revisions\/1453"}],"wp:featuredmedia":[{"embeddable":true,"href":"https:\/\/miraserra.org.br\/index.php\/wp-json\/wp\/v2\/media\/1452"}],"wp:attachment":[{"href":"https:\/\/miraserra.org.br\/index.php\/wp-json\/wp\/v2\/media?parent=1451"}],"wp:term":[{"taxonomy":"category","embeddable":true,"href":"https:\/\/miraserra.org.br\/index.php\/wp-json\/wp\/v2\/categories?post=1451"},{"taxonomy":"post_tag","embeddable":true,"href":"https:\/\/miraserra.org.br\/index.php\/wp-json\/wp\/v2\/tags?post=1451"}],"curies":[{"name":"wp","href":"https:\/\/api.w.org\/{rel}","templated":true}]}}