{"id":1459,"date":"2017-04-20T10:31:47","date_gmt":"2017-04-20T13:31:47","guid":{"rendered":"http:\/\/miraserra.org.br\/?p=1459"},"modified":"2019-07-28T10:34:11","modified_gmt":"2019-07-28T13:34:11","slug":"audiencia-publica-sobre-mineracao","status":"publish","type":"post","link":"https:\/\/miraserra.org.br\/index.php\/2017\/04\/20\/audiencia-publica-sobre-mineracao\/","title":{"rendered":"AUDI\u00caNCIA P\u00daBLICA SOBRE MINERA\u00c7\u00c3O"},"content":{"rendered":"\n<p>MIRA-SERRA esteve presente na audi\u00eancia p\u00fablica para debater o projeto de minera\u00e7\u00e3o no rio Camaqu\u00e3, realizada em 20 de abril. O evento aconteceu no Teatro Dante Barone, realizado pela Comiss\u00e3o de Sa\u00fade e Meio Ambiente a Assembl\u00e9ia Legislativa -RS. A MIRA-SERRA j\u00e1 apresentara argumentos desfavor\u00e1veis a este empreendimento da Votorantim Metais, quando da apresenta\u00e7\u00e3o do projeto no Conselho Estadual do Meio Ambiente (CONSEMA-RS).<\/p>\n\n\n\n<ul class=\"wp-block-gallery columns-2 is-cropped wp-block-gallery-1 is-layout-flex wp-block-gallery-is-layout-flex\"><li class=\"blocks-gallery-item\"><figure><img loading=\"lazy\" decoding=\"async\" width=\"768\" height=\"462\" src=\"http:\/\/miraserra.org.br\/wp-content\/uploads\/2019\/07\/18034055_1668239989856816_3734426936144733829_n-768x462.jpg\" alt=\"\" data-id=\"1462\" data-link=\"http:\/\/miraserra.org.br\/index.php\/2017\/04\/20\/audiencia-publica-sobre-mineracao\/18034055_1668239989856816_3734426936144733829_n-768x462\/\" class=\"wp-image-1462\" srcset=\"https:\/\/miraserra.org.br\/wp-content\/uploads\/2019\/07\/18034055_1668239989856816_3734426936144733829_n-768x462.jpg 768w, https:\/\/miraserra.org.br\/wp-content\/uploads\/2019\/07\/18034055_1668239989856816_3734426936144733829_n-768x462-300x180.jpg 300w\" sizes=\"auto, (max-width: 768px) 100vw, 768px\" \/><\/figure><\/li><li class=\"blocks-gallery-item\"><figure><img loading=\"lazy\" decoding=\"async\" width=\"492\" height=\"296\" src=\"http:\/\/miraserra.org.br\/wp-content\/uploads\/2019\/07\/18056908_1668239936523488_8188990850208695967_n.jpg\" alt=\"\" data-id=\"1463\" data-link=\"http:\/\/miraserra.org.br\/index.php\/2017\/04\/20\/audiencia-publica-sobre-mineracao\/18056908_1668239936523488_8188990850208695967_n\/\" class=\"wp-image-1463\" srcset=\"https:\/\/miraserra.org.br\/wp-content\/uploads\/2019\/07\/18056908_1668239936523488_8188990850208695967_n.jpg 492w, https:\/\/miraserra.org.br\/wp-content\/uploads\/2019\/07\/18056908_1668239936523488_8188990850208695967_n-300x180.jpg 300w\" sizes=\"auto, (max-width: 492px) 100vw, 492px\" \/><\/figure><\/li><\/ul>\n","protected":false},"excerpt":{"rendered":"<p>MIRA-SERRA esteve presente na audi\u00eancia p\u00fablica para debater o projeto de minera\u00e7\u00e3o no rio Camaqu\u00e3, realizada em 20 de abril.<\/p>\n","protected":false},"author":1,"featured_media":1460,"comment_status":"closed","ping_status":"closed","sticky":false,"template":"","format":"standard","meta":{"colormag_page_container_layout":"default_layout","colormag_page_sidebar_layout":"default_layout","_themeisle_gutenberg_block_has_review":false,"footnotes":""},"categories":[26],"tags":[],"class_list":["post-1459","post","type-post","status-publish","format-standard","has-post-thumbnail","hentry","category-eventos"],"_links":{"self":[{"href":"https:\/\/miraserra.org.br\/index.php\/wp-json\/wp\/v2\/posts\/1459","targetHints":{"allow":["GET"]}}],"collection":[{"href":"https:\/\/miraserra.org.br\/index.php\/wp-json\/wp\/v2\/posts"}],"about":[{"href":"https:\/\/miraserra.org.br\/index.php\/wp-json\/wp\/v2\/types\/post"}],"author":[{"embeddable":true,"href":"https:\/\/miraserra.org.br\/index.php\/wp-json\/wp\/v2\/users\/1"}],"replies":[{"embeddable":true,"href":"https:\/\/miraserra.org.br\/index.php\/wp-json\/wp\/v2\/comments?post=1459"}],"version-history":[{"count":2,"href":"https:\/\/miraserra.org.br\/index.php\/wp-json\/wp\/v2\/posts\/1459\/revisions"}],"predecessor-version":[{"id":1464,"href":"https:\/\/miraserra.org.br\/index.php\/wp-json\/wp\/v2\/posts\/1459\/revisions\/1464"}],"wp:featuredmedia":[{"embeddable":true,"href":"https:\/\/miraserra.org.br\/index.php\/wp-json\/wp\/v2\/media\/1460"}],"wp:attachment":[{"href":"https:\/\/miraserra.org.br\/index.php\/wp-json\/wp\/v2\/media?parent=1459"}],"wp:term":[{"taxonomy":"category","embeddable":true,"href":"https:\/\/miraserra.org.br\/index.php\/wp-json\/wp\/v2\/categories?post=1459"},{"taxonomy":"post_tag","embeddable":true,"href":"https:\/\/miraserra.org.br\/index.php\/wp-json\/wp\/v2\/tags?post=1459"}],"curies":[{"name":"wp","href":"https:\/\/api.w.org\/{rel}","templated":true}]}}