{"id":1542,"date":"2017-03-20T20:35:44","date_gmt":"2017-03-20T23:35:44","guid":{"rendered":"http:\/\/miraserra.org.br\/?p=1542"},"modified":"2019-07-28T20:39:33","modified_gmt":"2019-07-28T23:39:33","slug":"consema-em-marco","status":"publish","type":"post","link":"https:\/\/miraserra.org.br\/index.php\/2017\/03\/20\/consema-em-marco\/","title":{"rendered":"CONSEMA em mar\u00e7o"},"content":{"rendered":"\n<p>O m\u00eas de mar\u00e7o n\u00e3o trouxe muitos avan\u00e7os no Conselho Estadual do Meio Ambiente (CONSEMA-RS). A plen\u00e1ria do, prevista para o dia 9, foi cancela da por falta de mat\u00e9ria para compor a pauta, embora a MIRA-SERRA tivesse solicitado esclarecimentos sobre a gest\u00e3o da fauna pela SEMA bem como do acervo e patrim\u00f4nio da Funda\u00e7\u00e3o Zoobot\u00e2nica. A MIRA-SERRA n\u00e3o pode comparecer na reuni\u00e3o extraordin\u00e1ria da C\u00e2mara T\u00e9cnica Permanente (CTP) Planejamento Ambiental, por coincidir com compromissos previamente agendados. No tarde do dia 16, a CTP de Gest\u00e3o Compartilhada Estado- Munic\u00edpio tratou de mais um bloco de atividade\/empreendimentos com potencial impacto ambiental a serem licenciados pelos munic\u00edpios ou pelo estado. Na sexta-feira (17), o Grupo de Trabalho Mata Atl\u00e2ntica, da CTP Planejamento Ambiental, sob coordena\u00e7\u00e3o da MIRA-SERRA, iniciou<br> a an\u00e1lise da minuta com as contribui\u00e7\u00f5es da FAMURS.<br> A CTP de Assuntos Jur\u00eddicos, prevista para 22, foi cancelada pois os pareceristas n\u00e3o entregaram seus relat\u00f3rios.<\/p>\n","protected":false},"excerpt":{"rendered":"<p>O m\u00eas de mar\u00e7o n\u00e3o trouxe muitos avan\u00e7os no Conselho Estadual do Meio Ambiente (CONSEMA-RS). A plen\u00e1ria do, prevista para<\/p>\n","protected":false},"author":1,"featured_media":1543,"comment_status":"closed","ping_status":"closed","sticky":false,"template":"","format":"standard","meta":{"colormag_page_container_layout":"default_layout","colormag_page_sidebar_layout":"default_layout","_themeisle_gutenberg_block_has_review":false,"footnotes":""},"categories":[56,93,95,96,98],"tags":[],"class_list":["post-1542","post","type-post","status-publish","format-standard","has-post-thumbnail","hentry","category-conama","category-ctp-assuntos-juridicos","category-ctp-gcem","category-ctp-planejamento-ambiental","category-gt-mata-atlantica"],"_links":{"self":[{"href":"https:\/\/miraserra.org.br\/index.php\/wp-json\/wp\/v2\/posts\/1542","targetHints":{"allow":["GET"]}}],"collection":[{"href":"https:\/\/miraserra.org.br\/index.php\/wp-json\/wp\/v2\/posts"}],"about":[{"href":"https:\/\/miraserra.org.br\/index.php\/wp-json\/wp\/v2\/types\/post"}],"author":[{"embeddable":true,"href":"https:\/\/miraserra.org.br\/index.php\/wp-json\/wp\/v2\/users\/1"}],"replies":[{"embeddable":true,"href":"https:\/\/miraserra.org.br\/index.php\/wp-json\/wp\/v2\/comments?post=1542"}],"version-history":[{"count":1,"href":"https:\/\/miraserra.org.br\/index.php\/wp-json\/wp\/v2\/posts\/1542\/revisions"}],"predecessor-version":[{"id":1544,"href":"https:\/\/miraserra.org.br\/index.php\/wp-json\/wp\/v2\/posts\/1542\/revisions\/1544"}],"wp:featuredmedia":[{"embeddable":true,"href":"https:\/\/miraserra.org.br\/index.php\/wp-json\/wp\/v2\/media\/1543"}],"wp:attachment":[{"href":"https:\/\/miraserra.org.br\/index.php\/wp-json\/wp\/v2\/media?parent=1542"}],"wp:term":[{"taxonomy":"category","embeddable":true,"href":"https:\/\/miraserra.org.br\/index.php\/wp-json\/wp\/v2\/categories?post=1542"},{"taxonomy":"post_tag","embeddable":true,"href":"https:\/\/miraserra.org.br\/index.php\/wp-json\/wp\/v2\/tags?post=1542"}],"curies":[{"name":"wp","href":"https:\/\/api.w.org\/{rel}","templated":true}]}}