{"id":1569,"date":"2017-01-17T10:29:55","date_gmt":"2017-01-17T12:29:55","guid":{"rendered":"http:\/\/miraserra.org.br\/?p=1569"},"modified":"2019-07-29T10:37:22","modified_gmt":"2019-07-29T13:37:22","slug":"1a-reuniao-do-ano-da-ctp-planejamento-ambiental","status":"publish","type":"post","link":"https:\/\/miraserra.org.br\/index.php\/2017\/01\/17\/1a-reuniao-do-ano-da-ctp-planejamento-ambiental\/","title":{"rendered":"1\u00aa. REUNI\u00c3O DO ANO DA CTP PLANEJAMENTO AMBIENTAL"},"content":{"rendered":"\n<p>Reuni\u00e3o da C\u00e2mara T\u00e9cnica Permanente Planejamento Ambiental \/ Conselho Estadual do Meio Ambiente, realizada em 17\/1\/2017, discutiu dois pontos do Zoneamento Ecol\u00f3gico-Econ\u00f4mico. Foram eles: <\/p>\n\n\n\n<p>(a) Atividade 2- participa\u00e7\u00e3o da sociedade civil:nova estrutura e agenda das oficinas participativas e .<\/p>\n\n\n\n<p> (b) Atividade 4 do diagn\u00f3stico: produto 9 \u2013mapeamento<br> tem\u00e1tico e relat\u00f3rios descritivos das vari\u00e1veis do meio <\/p>\n\n\n\n<p>f\u00edsico. No primeiro item, a MIRA-SERRA fez 4 sugest\u00f5es que foram aceitas: 1) as audi\u00eancias p\u00fablicas devem considerar hor\u00e1rios de \u00f4nibus inter-municipais visando garantir a plena participa\u00e7\u00e3o dos cidad\u00e3os das cidades vizinhas na regi\u00e3o; 2) enfatizar a import\u00e2ncia da participa\u00e7\u00e3o dos t\u00e9cnicos municipais, na audi\u00eancia espec\u00edfica para prefeituras, al\u00e9m da representa\u00e7\u00e3o dos gestores pol\u00edticos que podem ter sido alterada ap\u00f3s as elei\u00e7\u00f5es; 3) nas audi\u00eancias, que foram rearranjadas<br> em reuni\u00f5es dos COREDES e Comit\u00eas de Bacia<br> Hidrogr\u00e1fica, recepcionar as contribui\u00e7\u00f5es das ONGs presentes, mesmo que n\u00e3o sejam conselheiras e, 4) tornar mais atrativo No outro ponto, houve discuss\u00e3o sobre metodologias com o diretor do CRH, principalmente pela possibilidade de estabelecimento de compara\u00e7\u00f5es e verifica\u00e7\u00e3o das vulnerabilidades.<\/p>\n\n\n\n<ul class=\"wp-block-gallery columns-2 is-cropped wp-block-gallery-1 is-layout-flex wp-block-gallery-is-layout-flex\"><li class=\"blocks-gallery-item\"><figure><img loading=\"lazy\" decoding=\"async\" width=\"300\" height=\"169\" src=\"http:\/\/miraserra.org.br\/wp-content\/uploads\/2019\/07\/16003037_1557596080921208_8174441123725320069_n-300x169.jpg\" alt=\"\" data-id=\"1572\" data-link=\"http:\/\/miraserra.org.br\/index.php\/2017\/01\/17\/1a-reuniao-do-ano-da-ctp-planejamento-ambiental\/16003037_1557596080921208_8174441123725320069_n-300x169\/\" class=\"wp-image-1572\"\/><\/figure><\/li><li class=\"blocks-gallery-item\"><figure><img loading=\"lazy\" decoding=\"async\" width=\"300\" height=\"169\" src=\"http:\/\/miraserra.org.br\/wp-content\/uploads\/2019\/07\/16174978_1557596127587870_4596116762664407365_n-300x169.jpg\" alt=\"\" data-id=\"1573\" data-link=\"http:\/\/miraserra.org.br\/index.php\/2017\/01\/17\/1a-reuniao-do-ano-da-ctp-planejamento-ambiental\/16174978_1557596127587870_4596116762664407365_n-300x169\/\" class=\"wp-image-1573\"\/><\/figure><\/li><\/ul>\n","protected":false},"excerpt":{"rendered":"<p>Reuni\u00e3o da C\u00e2mara T\u00e9cnica Permanente Planejamento Ambiental \/ Conselho Estadual do Meio Ambiente, realizada em 17\/1\/2017, discutiu dois pontos do<\/p>\n","protected":false},"author":1,"featured_media":1571,"comment_status":"closed","ping_status":"closed","sticky":false,"template":"","format":"standard","meta":{"colormag_page_container_layout":"default_layout","colormag_page_sidebar_layout":"default_layout","_themeisle_gutenberg_block_has_review":false,"footnotes":""},"categories":[58,96],"tags":[],"class_list":["post-1569","post","type-post","status-publish","format-standard","has-post-thumbnail","hentry","category-consema-rs","category-ctp-planejamento-ambiental"],"_links":{"self":[{"href":"https:\/\/miraserra.org.br\/index.php\/wp-json\/wp\/v2\/posts\/1569","targetHints":{"allow":["GET"]}}],"collection":[{"href":"https:\/\/miraserra.org.br\/index.php\/wp-json\/wp\/v2\/posts"}],"about":[{"href":"https:\/\/miraserra.org.br\/index.php\/wp-json\/wp\/v2\/types\/post"}],"author":[{"embeddable":true,"href":"https:\/\/miraserra.org.br\/index.php\/wp-json\/wp\/v2\/users\/1"}],"replies":[{"embeddable":true,"href":"https:\/\/miraserra.org.br\/index.php\/wp-json\/wp\/v2\/comments?post=1569"}],"version-history":[{"count":2,"href":"https:\/\/miraserra.org.br\/index.php\/wp-json\/wp\/v2\/posts\/1569\/revisions"}],"predecessor-version":[{"id":1574,"href":"https:\/\/miraserra.org.br\/index.php\/wp-json\/wp\/v2\/posts\/1569\/revisions\/1574"}],"wp:featuredmedia":[{"embeddable":true,"href":"https:\/\/miraserra.org.br\/index.php\/wp-json\/wp\/v2\/media\/1571"}],"wp:attachment":[{"href":"https:\/\/miraserra.org.br\/index.php\/wp-json\/wp\/v2\/media?parent=1569"}],"wp:term":[{"taxonomy":"category","embeddable":true,"href":"https:\/\/miraserra.org.br\/index.php\/wp-json\/wp\/v2\/categories?post=1569"},{"taxonomy":"post_tag","embeddable":true,"href":"https:\/\/miraserra.org.br\/index.php\/wp-json\/wp\/v2\/tags?post=1569"}],"curies":[{"name":"wp","href":"https:\/\/api.w.org\/{rel}","templated":true}]}}