{"id":1575,"date":"2017-01-12T10:37:33","date_gmt":"2017-01-12T12:37:33","guid":{"rendered":"http:\/\/miraserra.org.br\/?p=1575"},"modified":"2019-07-29T10:41:32","modified_gmt":"2019-07-29T13:41:32","slug":"consema-2017","status":"publish","type":"post","link":"https:\/\/miraserra.org.br\/index.php\/2017\/01\/12\/consema-2017\/","title":{"rendered":"CONSEMA 2017"},"content":{"rendered":"\n<p>Primeira reuni\u00e3o plen\u00e1ria do ano (12\/1\/2017), do Conselho Estadual do Meio Ambiente\/ CONSEMA-RS, teve como pauta principal o Sistema de Licenciamento on-line (SOL). Apresentado pela FEPAM, o sistema inova em in\u00fameros aspectos e torna mais transparente e padronizado os processos de licenciamento ambiental. Os licenciamentos ambientais municipais dever\u00e3o, num momento seguinte, interagir com o SOL. Tamb\u00e9m foram discutidas minutas de Resolu\u00e7\u00e3o que prorrogam prazos em fun\u00e7\u00e3o da plena operacionaliza\u00e7\u00e3o do SOL. Ainda na pauta, dois processos de recurso a multa por infra\u00e7\u00e3o ambiental. Na sequ\u00eancia, foi apresentado relat\u00f3rio do CONSEMA em 2016. A MIRA-SERRA teve 00% de presen\u00e7a, al\u00e9m de coordenar o GT Mata Atl\u00e2ntica e participar de tr\u00eas C\u00e2maras T\u00e9cnicas (Planejamento Ambiental, Gest\u00e3o Compartilhada Estado-Munic\u00edpio e Assuntos Jur\u00eddicos ). Finalizando, o presidente da C\u00e2mara T\u00e9cnica Permanente Planejamento Ambiental fez relato sobre o Zoneamento Ecol\u00f3gico &#8211; Econ\u00f4mico do RS.<\/p>\n\n\n\n<ul class=\"wp-block-gallery columns-2 is-cropped wp-block-gallery-1 is-layout-flex wp-block-gallery-is-layout-flex\"><li class=\"blocks-gallery-item\"><figure><img loading=\"lazy\" decoding=\"async\" width=\"300\" height=\"169\" src=\"http:\/\/miraserra.org.br\/wp-content\/uploads\/2019\/07\/15941374_1551906004823549_160326929531878086_n-300x169.jpg\" alt=\"\" data-id=\"1577\" data-link=\"http:\/\/miraserra.org.br\/?attachment_id=1577\" class=\"wp-image-1577\"\/><\/figure><\/li><li class=\"blocks-gallery-item\"><figure><img loading=\"lazy\" decoding=\"async\" width=\"300\" height=\"169\" src=\"http:\/\/miraserra.org.br\/wp-content\/uploads\/2019\/07\/15978087_1551906074823542_5095756119070945241_n-300x169.jpg\" alt=\"\" data-id=\"1578\" data-link=\"http:\/\/miraserra.org.br\/?attachment_id=1578\" class=\"wp-image-1578\"\/><\/figure><\/li><\/ul>\n","protected":false},"excerpt":{"rendered":"<p>Primeira reuni\u00e3o plen\u00e1ria do ano (12\/1\/2017), do Conselho Estadual do Meio Ambiente\/ CONSEMA-RS, teve como pauta principal o Sistema de<\/p>\n","protected":false},"author":1,"featured_media":1576,"comment_status":"closed","ping_status":"closed","sticky":false,"template":"","format":"standard","meta":{"colormag_page_container_layout":"default_layout","colormag_page_sidebar_layout":"default_layout","_themeisle_gutenberg_block_has_review":false,"footnotes":""},"categories":[58],"tags":[],"class_list":["post-1575","post","type-post","status-publish","format-standard","has-post-thumbnail","hentry","category-consema-rs"],"_links":{"self":[{"href":"https:\/\/miraserra.org.br\/index.php\/wp-json\/wp\/v2\/posts\/1575","targetHints":{"allow":["GET"]}}],"collection":[{"href":"https:\/\/miraserra.org.br\/index.php\/wp-json\/wp\/v2\/posts"}],"about":[{"href":"https:\/\/miraserra.org.br\/index.php\/wp-json\/wp\/v2\/types\/post"}],"author":[{"embeddable":true,"href":"https:\/\/miraserra.org.br\/index.php\/wp-json\/wp\/v2\/users\/1"}],"replies":[{"embeddable":true,"href":"https:\/\/miraserra.org.br\/index.php\/wp-json\/wp\/v2\/comments?post=1575"}],"version-history":[{"count":1,"href":"https:\/\/miraserra.org.br\/index.php\/wp-json\/wp\/v2\/posts\/1575\/revisions"}],"predecessor-version":[{"id":1579,"href":"https:\/\/miraserra.org.br\/index.php\/wp-json\/wp\/v2\/posts\/1575\/revisions\/1579"}],"wp:featuredmedia":[{"embeddable":true,"href":"https:\/\/miraserra.org.br\/index.php\/wp-json\/wp\/v2\/media\/1576"}],"wp:attachment":[{"href":"https:\/\/miraserra.org.br\/index.php\/wp-json\/wp\/v2\/media?parent=1575"}],"wp:term":[{"taxonomy":"category","embeddable":true,"href":"https:\/\/miraserra.org.br\/index.php\/wp-json\/wp\/v2\/categories?post=1575"},{"taxonomy":"post_tag","embeddable":true,"href":"https:\/\/miraserra.org.br\/index.php\/wp-json\/wp\/v2\/tags?post=1575"}],"curies":[{"name":"wp","href":"https:\/\/api.w.org\/{rel}","templated":true}]}}