{"id":1589,"date":"2016-12-15T15:00:42","date_gmt":"2016-12-15T17:00:42","guid":{"rendered":"http:\/\/miraserra.org.br\/?p=1589"},"modified":"2019-07-29T15:03:41","modified_gmt":"2019-07-29T18:03:41","slug":"ctp-gestao-compartilhada-estado-municipio-encerra-o-ano","status":"publish","type":"post","link":"https:\/\/miraserra.org.br\/index.php\/2016\/12\/15\/ctp-gestao-compartilhada-estado-municipio-encerra-o-ano\/","title":{"rendered":"CTP GEST\u00c3O COMPARTILHADA ESTADO-MUNIC\u00cdPIO ENCERRA O ANO"},"content":{"rendered":"\n<p>A C\u00e2mara T\u00e9cnica Gest\u00e3o Compartilhada Estado-Munic\u00edpio (CTP GCEM) do Conselho estadual do Meio Ambiente avaliou quadro das atividades de minera\u00e7\u00e3o. Com muito debate (e v\u00e1rias d\u00favidas) sobre a altera\u00e7\u00e3o do crit\u00e9rio \u201crequerimento DNPM \u201d para \u201cpoligonal mbiental\u201d, foi deliberado que esta mat\u00e9ria ficar\u00e1 para o final dos trabalhos. Como o tema est\u00e1 em an\u00e1lise na CTP Minera\u00e7\u00e3o, o grupo vai aguardar o parecer daquela inst\u00e2ncia. Foi aprovado, ainda, com altera\u00e7\u00f5es, o calend\u00e1rio de reuni\u00f5es de 017 \u2013 que demandar\u00e1<br> muito esfor\u00e7o desta CTP, visto que h\u00e1 centenas de atividades a serem revistas no novo modelo proposto.<\/p>\n","protected":false},"excerpt":{"rendered":"<p>A C\u00e2mara T\u00e9cnica Gest\u00e3o Compartilhada Estado-Munic\u00edpio (CTP GCEM) do Conselho estadual do Meio Ambiente avaliou quadro das atividades de minera\u00e7\u00e3o.<\/p>\n","protected":false},"author":1,"featured_media":1590,"comment_status":"closed","ping_status":"closed","sticky":false,"template":"","format":"standard","meta":{"colormag_page_container_layout":"default_layout","colormag_page_sidebar_layout":"default_layout","_themeisle_gutenberg_block_has_review":false,"footnotes":""},"categories":[58,95],"tags":[],"class_list":["post-1589","post","type-post","status-publish","format-standard","has-post-thumbnail","hentry","category-consema-rs","category-ctp-gcem"],"_links":{"self":[{"href":"https:\/\/miraserra.org.br\/index.php\/wp-json\/wp\/v2\/posts\/1589","targetHints":{"allow":["GET"]}}],"collection":[{"href":"https:\/\/miraserra.org.br\/index.php\/wp-json\/wp\/v2\/posts"}],"about":[{"href":"https:\/\/miraserra.org.br\/index.php\/wp-json\/wp\/v2\/types\/post"}],"author":[{"embeddable":true,"href":"https:\/\/miraserra.org.br\/index.php\/wp-json\/wp\/v2\/users\/1"}],"replies":[{"embeddable":true,"href":"https:\/\/miraserra.org.br\/index.php\/wp-json\/wp\/v2\/comments?post=1589"}],"version-history":[{"count":1,"href":"https:\/\/miraserra.org.br\/index.php\/wp-json\/wp\/v2\/posts\/1589\/revisions"}],"predecessor-version":[{"id":1591,"href":"https:\/\/miraserra.org.br\/index.php\/wp-json\/wp\/v2\/posts\/1589\/revisions\/1591"}],"wp:featuredmedia":[{"embeddable":true,"href":"https:\/\/miraserra.org.br\/index.php\/wp-json\/wp\/v2\/media\/1590"}],"wp:attachment":[{"href":"https:\/\/miraserra.org.br\/index.php\/wp-json\/wp\/v2\/media?parent=1589"}],"wp:term":[{"taxonomy":"category","embeddable":true,"href":"https:\/\/miraserra.org.br\/index.php\/wp-json\/wp\/v2\/categories?post=1589"},{"taxonomy":"post_tag","embeddable":true,"href":"https:\/\/miraserra.org.br\/index.php\/wp-json\/wp\/v2\/tags?post=1589"}],"curies":[{"name":"wp","href":"https:\/\/api.w.org\/{rel}","templated":true}]}}