{"id":1634,"date":"2016-11-11T21:32:02","date_gmt":"2016-11-11T23:32:02","guid":{"rendered":"http:\/\/miraserra.org.br\/?p=1634"},"modified":"2019-07-29T21:40:43","modified_gmt":"2019-07-30T00:40:43","slug":"conferencia-municipal-de-meio-ambiente-montenegro-e-um-sucesso","status":"publish","type":"post","link":"https:\/\/miraserra.org.br\/index.php\/2016\/11\/11\/conferencia-municipal-de-meio-ambiente-montenegro-e-um-sucesso\/","title":{"rendered":"CONFER\u00caNCIA MUNICIPAL DE MEIO AMBIENTE &#8211; MONTENEGRO \u00c9 UM SUCESSO!"},"content":{"rendered":"\n<p>Noite de sexta (11.11.2016) pode ser considerado como um marco no munic\u00edpio de Montenegro-RS. Agradecimentos \u00e0 Upan Osc pela oportunidade de expor aspectos da legisla\u00e7\u00e3o, licenciamento ambiental e dos planos municipais de conserva\u00e7\u00e3o e recupera\u00e7\u00e3o da Mata Atl\u00e2ntica (PMMAs). A UPAN e a comunidade est\u00e3o de parab\u00e9ns pela iniciativa, organiza\u00e7\u00e3o e encaminhamentos! O local, uma esta\u00e7\u00e3o ferrovi\u00e1ria reformada, agora denominada \u201cEsta\u00e7\u00e3o Municipal da Cultura\u201d \u00e9 um centro excelente para debates.<\/p>\n\n\n\n<ul class=\"wp-block-gallery columns-3 is-cropped wp-block-gallery-1 is-layout-flex wp-block-gallery-is-layout-flex\"><li class=\"blocks-gallery-item\"><figure><img loading=\"lazy\" decoding=\"async\" width=\"800\" height=\"445\" src=\"http:\/\/miraserra.org.br\/wp-content\/uploads\/2019\/07\/15027441_1456441647703319_3801599498002071348_n-800x445.jpg\" alt=\"\" data-id=\"1635\" data-link=\"http:\/\/miraserra.org.br\/?attachment_id=1635\" class=\"wp-image-1635\" srcset=\"https:\/\/miraserra.org.br\/wp-content\/uploads\/2019\/07\/15027441_1456441647703319_3801599498002071348_n-800x445.jpg 800w, https:\/\/miraserra.org.br\/wp-content\/uploads\/2019\/07\/15027441_1456441647703319_3801599498002071348_n-800x445-300x167.jpg 300w, https:\/\/miraserra.org.br\/wp-content\/uploads\/2019\/07\/15027441_1456441647703319_3801599498002071348_n-800x445-768x427.jpg 768w\" sizes=\"auto, (max-width: 800px) 100vw, 800px\" \/><\/figure><\/li><li class=\"blocks-gallery-item\"><figure><img loading=\"lazy\" decoding=\"async\" width=\"300\" height=\"169\" src=\"http:\/\/miraserra.org.br\/wp-content\/uploads\/2019\/07\/14991848_1456441711036646_7647126590142553091_n-300x169.jpg\" alt=\"\" data-id=\"1636\" data-link=\"http:\/\/miraserra.org.br\/?attachment_id=1636\" class=\"wp-image-1636\"\/><\/figure><\/li><li class=\"blocks-gallery-item\"><figure><img loading=\"lazy\" decoding=\"async\" width=\"300\" height=\"169\" src=\"http:\/\/miraserra.org.br\/wp-content\/uploads\/2019\/07\/15078780_1456441774369973_403312818508414314_n-300x169.jpg\" alt=\"\" data-id=\"1637\" data-link=\"http:\/\/miraserra.org.br\/?attachment_id=1637\" class=\"wp-image-1637\"\/><\/figure><\/li><li class=\"blocks-gallery-item\"><figure><img loading=\"lazy\" decoding=\"async\" width=\"165\" height=\"300\" src=\"http:\/\/miraserra.org.br\/wp-content\/uploads\/2019\/07\/15095704_1456441737703310_2202731638666734617_n-165x300.jpg\" alt=\"\" data-id=\"1638\" data-link=\"http:\/\/miraserra.org.br\/?attachment_id=1638\" class=\"wp-image-1638\"\/><\/figure><\/li><li class=\"blocks-gallery-item\"><figure><img loading=\"lazy\" decoding=\"async\" width=\"526\" height=\"394\" src=\"http:\/\/miraserra.org.br\/wp-content\/uploads\/2019\/07\/15095705_1456441591036658_1773002752785911902_n.jpg\" alt=\"\" data-id=\"1639\" data-link=\"http:\/\/miraserra.org.br\/?attachment_id=1639\" class=\"wp-image-1639\" srcset=\"https:\/\/miraserra.org.br\/wp-content\/uploads\/2019\/07\/15095705_1456441591036658_1773002752785911902_n.jpg 526w, https:\/\/miraserra.org.br\/wp-content\/uploads\/2019\/07\/15095705_1456441591036658_1773002752785911902_n-300x225.jpg 300w\" sizes=\"auto, (max-width: 526px) 100vw, 526px\" \/><\/figure><\/li><\/ul>\n","protected":false},"excerpt":{"rendered":"<p>Noite de sexta (11.11.2016) pode ser considerado como um marco no munic\u00edpio de Montenegro-RS. Agradecimentos \u00e0 Upan Osc pela oportunidade<\/p>\n","protected":false},"author":1,"featured_media":1635,"comment_status":"closed","ping_status":"closed","sticky":false,"template":"","format":"standard","meta":{"colormag_page_container_layout":"default_layout","colormag_page_sidebar_layout":"default_layout","_themeisle_gutenberg_block_has_review":false,"footnotes":""},"categories":[31,26],"tags":[],"class_list":["post-1634","post","type-post","status-publish","format-standard","has-post-thumbnail","hentry","category-plano-de-mata-atlantica","category-eventos"],"_links":{"self":[{"href":"https:\/\/miraserra.org.br\/index.php\/wp-json\/wp\/v2\/posts\/1634","targetHints":{"allow":["GET"]}}],"collection":[{"href":"https:\/\/miraserra.org.br\/index.php\/wp-json\/wp\/v2\/posts"}],"about":[{"href":"https:\/\/miraserra.org.br\/index.php\/wp-json\/wp\/v2\/types\/post"}],"author":[{"embeddable":true,"href":"https:\/\/miraserra.org.br\/index.php\/wp-json\/wp\/v2\/users\/1"}],"replies":[{"embeddable":true,"href":"https:\/\/miraserra.org.br\/index.php\/wp-json\/wp\/v2\/comments?post=1634"}],"version-history":[{"count":1,"href":"https:\/\/miraserra.org.br\/index.php\/wp-json\/wp\/v2\/posts\/1634\/revisions"}],"predecessor-version":[{"id":1640,"href":"https:\/\/miraserra.org.br\/index.php\/wp-json\/wp\/v2\/posts\/1634\/revisions\/1640"}],"wp:featuredmedia":[{"embeddable":true,"href":"https:\/\/miraserra.org.br\/index.php\/wp-json\/wp\/v2\/media\/1635"}],"wp:attachment":[{"href":"https:\/\/miraserra.org.br\/index.php\/wp-json\/wp\/v2\/media?parent=1634"}],"wp:term":[{"taxonomy":"category","embeddable":true,"href":"https:\/\/miraserra.org.br\/index.php\/wp-json\/wp\/v2\/categories?post=1634"},{"taxonomy":"post_tag","embeddable":true,"href":"https:\/\/miraserra.org.br\/index.php\/wp-json\/wp\/v2\/tags?post=1634"}],"curies":[{"name":"wp","href":"https:\/\/api.w.org\/{rel}","templated":true}]}}