{"id":1660,"date":"2016-11-07T22:21:06","date_gmt":"2016-11-08T00:21:06","guid":{"rendered":"http:\/\/miraserra.org.br\/?p=1660"},"modified":"2019-07-29T22:23:43","modified_gmt":"2019-07-30T01:23:43","slug":"mata-paludosa-in-loco","status":"publish","type":"post","link":"https:\/\/miraserra.org.br\/index.php\/2016\/11\/07\/mata-paludosa-in-loco\/","title":{"rendered":"MATA PALUDOSA \u201cin loco&#8221;"},"content":{"rendered":"\n<p>A advogada Cl\u00e1udia Ribeiro e a bi\u00f3l. Lisiane Becker, da MIRA-SERRA, acompanharam a inspe\u00e7\u00e3o judicial com Minist\u00e9rio P\u00fablico Federal, referente a A\u00e7\u00e3o Civil P\u00fablica 2004.71.00.006683-5\/RS, que tramita na 9a. vara. A ONG assumiu a a\u00e7\u00e3o que trata da adequa\u00e7\u00e3o de aspectos impactantes na Reserva Biol\u00f3gica Mata Paludosa, em Itati-RS. Aten\u00e7\u00e3o especial \u00e9 dada sobre a travessia de fauna silvestre e o antigo trajeto da estrada.<\/p>\n\n\n\n<ul class=\"wp-block-gallery columns-2 is-cropped wp-block-gallery-1 is-layout-flex wp-block-gallery-is-layout-flex\"><li class=\"blocks-gallery-item\"><figure><img loading=\"lazy\" decoding=\"async\" width=\"768\" height=\"432\" src=\"http:\/\/miraserra.org.br\/wp-content\/uploads\/2019\/07\/20161107_143243-768x432.jpg\" alt=\"\" data-id=\"1662\" data-link=\"http:\/\/miraserra.org.br\/?attachment_id=1662\" class=\"wp-image-1662\" srcset=\"https:\/\/miraserra.org.br\/wp-content\/uploads\/2019\/07\/20161107_143243-768x432.jpg 768w, https:\/\/miraserra.org.br\/wp-content\/uploads\/2019\/07\/20161107_143243-768x432-300x169.jpg 300w\" sizes=\"auto, (max-width: 768px) 100vw, 768px\" \/><\/figure><\/li><li class=\"blocks-gallery-item\"><figure><img loading=\"lazy\" decoding=\"async\" width=\"768\" height=\"432\" src=\"http:\/\/miraserra.org.br\/wp-content\/uploads\/2019\/07\/20161107_144008-768x432.jpg\" alt=\"\" data-id=\"1663\" data-link=\"http:\/\/miraserra.org.br\/?attachment_id=1663\" class=\"wp-image-1663\" srcset=\"https:\/\/miraserra.org.br\/wp-content\/uploads\/2019\/07\/20161107_144008-768x432.jpg 768w, https:\/\/miraserra.org.br\/wp-content\/uploads\/2019\/07\/20161107_144008-768x432-300x169.jpg 300w\" sizes=\"auto, (max-width: 768px) 100vw, 768px\" \/><\/figure><\/li><\/ul>\n","protected":false},"excerpt":{"rendered":"<p>A advogada Cl\u00e1udia Ribeiro e a bi\u00f3l. Lisiane Becker, da MIRA-SERRA, acompanharam a inspe\u00e7\u00e3o judicial com Minist\u00e9rio P\u00fablico Federal, referente<\/p>\n","protected":false},"author":1,"featured_media":1661,"comment_status":"closed","ping_status":"closed","sticky":false,"template":"","format":"standard","meta":{"colormag_page_container_layout":"default_layout","colormag_page_sidebar_layout":"default_layout","_themeisle_gutenberg_block_has_review":false,"footnotes":""},"categories":[26],"tags":[],"class_list":["post-1660","post","type-post","status-publish","format-standard","has-post-thumbnail","hentry","category-eventos"],"_links":{"self":[{"href":"https:\/\/miraserra.org.br\/index.php\/wp-json\/wp\/v2\/posts\/1660","targetHints":{"allow":["GET"]}}],"collection":[{"href":"https:\/\/miraserra.org.br\/index.php\/wp-json\/wp\/v2\/posts"}],"about":[{"href":"https:\/\/miraserra.org.br\/index.php\/wp-json\/wp\/v2\/types\/post"}],"author":[{"embeddable":true,"href":"https:\/\/miraserra.org.br\/index.php\/wp-json\/wp\/v2\/users\/1"}],"replies":[{"embeddable":true,"href":"https:\/\/miraserra.org.br\/index.php\/wp-json\/wp\/v2\/comments?post=1660"}],"version-history":[{"count":1,"href":"https:\/\/miraserra.org.br\/index.php\/wp-json\/wp\/v2\/posts\/1660\/revisions"}],"predecessor-version":[{"id":1664,"href":"https:\/\/miraserra.org.br\/index.php\/wp-json\/wp\/v2\/posts\/1660\/revisions\/1664"}],"wp:featuredmedia":[{"embeddable":true,"href":"https:\/\/miraserra.org.br\/index.php\/wp-json\/wp\/v2\/media\/1661"}],"wp:attachment":[{"href":"https:\/\/miraserra.org.br\/index.php\/wp-json\/wp\/v2\/media?parent=1660"}],"wp:term":[{"taxonomy":"category","embeddable":true,"href":"https:\/\/miraserra.org.br\/index.php\/wp-json\/wp\/v2\/categories?post=1660"},{"taxonomy":"post_tag","embeddable":true,"href":"https:\/\/miraserra.org.br\/index.php\/wp-json\/wp\/v2\/tags?post=1660"}],"curies":[{"name":"wp","href":"https:\/\/api.w.org\/{rel}","templated":true}]}}