{"id":1683,"date":"2016-10-29T10:10:03","date_gmt":"2016-10-29T12:10:03","guid":{"rendered":"http:\/\/miraserra.org.br\/?p=1683"},"modified":"2019-07-30T10:18:27","modified_gmt":"2019-07-30T13:18:27","slug":"licenciamento-ambiental-e-tema-no-sindibio","status":"publish","type":"post","link":"https:\/\/miraserra.org.br\/index.php\/2016\/10\/29\/licenciamento-ambiental-e-tema-no-sindibio\/","title":{"rendered":"LICENCIAMENTO AMBIENTAL \u00c9 TEMA NO SINDIBIO"},"content":{"rendered":"\n<p>No s\u00e1bado, dia 29\/10, o Sindicato dos Bi\u00f3logos do RS inaugurou o Programa de atua\u00e7\u00e3o do profissional, com o tema \u201cO Bi\u00f3logo e o Licenciamento Ambiental\u201d. Importante observar que a MIRA-SERRA \u00e9 uma das poucas ONGs, do Rio Grande do Sul, que possui registro no CRBio 03. A biol. Vera Pitoni, presidente do Sindibio-RS, realizou a abertura do evento. As bi\u00f3logas Vera Lucia Callegaro e Silvia Hanh explanaram sobre as principais Resolu\u00e7\u00f5es para o desempenho da atividade<br> profissional Daniella Braga, fiscal bi\u00f3loga do CRBio 03 destacou a \u201cResponsabilidade T\u00e9cnica\u201d A bi\u00f3l. Lisiane Becker, apresentou aspectos do hist\u00f3rico e perspectivas no licenciamento ambiental, com estudo de caso na Mata Atl\u00e2ntica \u2013 bioma no qual a MIRA-SERRA tem atua\u00e7\u00e3o.<\/p>\n\n\n\n<ul class=\"wp-block-gallery aligncenter columns-2 is-cropped wp-block-gallery-1 is-layout-flex wp-block-gallery-is-layout-flex\"><li class=\"blocks-gallery-item\"><figure><img loading=\"lazy\" decoding=\"async\" width=\"300\" height=\"169\" src=\"http:\/\/miraserra.org.br\/wp-content\/uploads\/2019\/07\/14595576_1441549302525887_6622944606559858141_n-300x169.jpg\" alt=\"\" data-id=\"1685\" data-link=\"http:\/\/miraserra.org.br\/?attachment_id=1685\" class=\"wp-image-1685\"\/><\/figure><\/li><li class=\"blocks-gallery-item\"><figure><img loading=\"lazy\" decoding=\"async\" width=\"300\" height=\"169\" src=\"http:\/\/miraserra.org.br\/wp-content\/uploads\/2019\/07\/14642165_1441549142525903_4054551860782022273_n-1-300x169.jpg\" alt=\"\" data-id=\"1686\" data-link=\"http:\/\/miraserra.org.br\/?attachment_id=1686\" class=\"wp-image-1686\"\/><\/figure><\/li><li class=\"blocks-gallery-item\"><figure><img loading=\"lazy\" decoding=\"async\" width=\"300\" height=\"169\" src=\"http:\/\/miraserra.org.br\/wp-content\/uploads\/2019\/07\/14915314_1441549252525892_2860903183094264416_n-300x169.jpg\" alt=\"\" data-id=\"1688\" data-link=\"http:\/\/miraserra.org.br\/?attachment_id=1688\" class=\"wp-image-1688\"\/><\/figure><\/li><li class=\"blocks-gallery-item\"><figure><img loading=\"lazy\" decoding=\"async\" width=\"280\" height=\"157\" src=\"http:\/\/miraserra.org.br\/wp-content\/uploads\/2019\/07\/14925475_1441549195859231_2768708676214891667_n.jpg\" alt=\"\" data-id=\"1689\" data-link=\"http:\/\/miraserra.org.br\/?attachment_id=1689\" class=\"wp-image-1689\"\/><\/figure><\/li><li class=\"blocks-gallery-item\"><figure><img loading=\"lazy\" decoding=\"async\" width=\"300\" height=\"169\" src=\"http:\/\/miraserra.org.br\/wp-content\/uploads\/2019\/07\/14938185_1441549175859233_5106973024915756042_n-300x169.jpg\" alt=\"\" data-id=\"1690\" data-link=\"http:\/\/miraserra.org.br\/?attachment_id=1690\" class=\"wp-image-1690\"\/><\/figure><\/li><\/ul>\n\n\n\n<figure class=\"wp-block-image is-resized\"><img loading=\"lazy\" decoding=\"async\" src=\"http:\/\/miraserra.org.br\/wp-content\/uploads\/2019\/07\/14732303_1441549335859217_6201496387808537111_n-145x300-2.jpg\" alt=\"\" class=\"wp-image-1694\" width=\"221\" height=\"457\"\/><\/figure>\n","protected":false},"excerpt":{"rendered":"<p>No s\u00e1bado, dia 29\/10, o Sindicato dos Bi\u00f3logos do RS inaugurou o Programa de atua\u00e7\u00e3o do profissional, com o tema<\/p>\n","protected":false},"author":1,"featured_media":1684,"comment_status":"closed","ping_status":"closed","sticky":false,"template":"","format":"standard","meta":{"colormag_page_container_layout":"default_layout","colormag_page_sidebar_layout":"default_layout","_themeisle_gutenberg_block_has_review":false,"footnotes":""},"categories":[26],"tags":[],"class_list":["post-1683","post","type-post","status-publish","format-standard","has-post-thumbnail","hentry","category-eventos"],"_links":{"self":[{"href":"https:\/\/miraserra.org.br\/index.php\/wp-json\/wp\/v2\/posts\/1683","targetHints":{"allow":["GET"]}}],"collection":[{"href":"https:\/\/miraserra.org.br\/index.php\/wp-json\/wp\/v2\/posts"}],"about":[{"href":"https:\/\/miraserra.org.br\/index.php\/wp-json\/wp\/v2\/types\/post"}],"author":[{"embeddable":true,"href":"https:\/\/miraserra.org.br\/index.php\/wp-json\/wp\/v2\/users\/1"}],"replies":[{"embeddable":true,"href":"https:\/\/miraserra.org.br\/index.php\/wp-json\/wp\/v2\/comments?post=1683"}],"version-history":[{"count":4,"href":"https:\/\/miraserra.org.br\/index.php\/wp-json\/wp\/v2\/posts\/1683\/revisions"}],"predecessor-version":[{"id":1696,"href":"https:\/\/miraserra.org.br\/index.php\/wp-json\/wp\/v2\/posts\/1683\/revisions\/1696"}],"wp:featuredmedia":[{"embeddable":true,"href":"https:\/\/miraserra.org.br\/index.php\/wp-json\/wp\/v2\/media\/1684"}],"wp:attachment":[{"href":"https:\/\/miraserra.org.br\/index.php\/wp-json\/wp\/v2\/media?parent=1683"}],"wp:term":[{"taxonomy":"category","embeddable":true,"href":"https:\/\/miraserra.org.br\/index.php\/wp-json\/wp\/v2\/categories?post=1683"},{"taxonomy":"post_tag","embeddable":true,"href":"https:\/\/miraserra.org.br\/index.php\/wp-json\/wp\/v2\/tags?post=1683"}],"curies":[{"name":"wp","href":"https:\/\/api.w.org\/{rel}","templated":true}]}}