{"id":1697,"date":"2016-10-28T10:19:37","date_gmt":"2016-10-28T12:19:37","guid":{"rendered":"http:\/\/miraserra.org.br\/?p=1697"},"modified":"2019-08-26T00:39:15","modified_gmt":"2019-08-26T03:39:15","slug":"mira-serra-avalia-recurso-administrativo-consema","status":"publish","type":"post","link":"https:\/\/miraserra.org.br\/index.php\/2016\/10\/28\/mira-serra-avalia-recurso-administrativo-consema\/","title":{"rendered":"MIRA-SERRA AVALIA RECURSO ADMINISTRATIVO \/ CONSEMA"},"content":{"rendered":"\n<p>O Conselho Estadual do Meio Ambiente (CONSEMA) \u00e9 a \u00faltima inst\u00e2ncia para recorrer de penalidade por infra\u00e7\u00e3o ambiental. A plen\u00e1ria avalia o parecer emanado da sua C\u00e2mara T\u00e9cnica de Assuntos Jur\u00eddicos, que distribui os processos de acordo com a ordem alfab\u00e9tica do nome das entidades que a constituem. Deste modo, no dia 27\/10\/2026, a MIRA-SERRA apresentou, na C\u00e2mara T\u00e9cnica de Assuntos Jur\u00eddicos, argumentos novos sobre a inst\u00e2ncia anterior, em avalia\u00e7\u00e3o de admissibilidade de recurso ao CONSEMA, em auto de infra\u00e7\u00e3o ambiental. Retirado de pauta, a ONG retoma o processo para nova reda\u00e7\u00e3o de parecer.<br> A advogada Cl\u00e1udia G. Ribeiro e a bi\u00f3loga Lisiane Becker representaram a MIRA-SERRA .<\/p>\n","protected":false},"excerpt":{"rendered":"<p>O Conselho Estadual do Meio Ambiente (CONSEMA) \u00e9 a \u00faltima inst\u00e2ncia para recorrer de penalidade por infra\u00e7\u00e3o ambiental. A plen\u00e1ria<\/p>\n","protected":false},"author":1,"featured_media":1698,"comment_status":"closed","ping_status":"closed","sticky":false,"template":"","format":"standard","meta":{"colormag_page_container_layout":"default_layout","colormag_page_sidebar_layout":"default_layout","_themeisle_gutenberg_block_has_review":false,"footnotes":""},"categories":[58,93],"tags":[],"class_list":["post-1697","post","type-post","status-publish","format-standard","has-post-thumbnail","hentry","category-consema-rs","category-ctp-assuntos-juridicos"],"_links":{"self":[{"href":"https:\/\/miraserra.org.br\/index.php\/wp-json\/wp\/v2\/posts\/1697","targetHints":{"allow":["GET"]}}],"collection":[{"href":"https:\/\/miraserra.org.br\/index.php\/wp-json\/wp\/v2\/posts"}],"about":[{"href":"https:\/\/miraserra.org.br\/index.php\/wp-json\/wp\/v2\/types\/post"}],"author":[{"embeddable":true,"href":"https:\/\/miraserra.org.br\/index.php\/wp-json\/wp\/v2\/users\/1"}],"replies":[{"embeddable":true,"href":"https:\/\/miraserra.org.br\/index.php\/wp-json\/wp\/v2\/comments?post=1697"}],"version-history":[{"count":2,"href":"https:\/\/miraserra.org.br\/index.php\/wp-json\/wp\/v2\/posts\/1697\/revisions"}],"predecessor-version":[{"id":1700,"href":"https:\/\/miraserra.org.br\/index.php\/wp-json\/wp\/v2\/posts\/1697\/revisions\/1700"}],"wp:featuredmedia":[{"embeddable":true,"href":"https:\/\/miraserra.org.br\/index.php\/wp-json\/wp\/v2\/media\/1698"}],"wp:attachment":[{"href":"https:\/\/miraserra.org.br\/index.php\/wp-json\/wp\/v2\/media?parent=1697"}],"wp:term":[{"taxonomy":"category","embeddable":true,"href":"https:\/\/miraserra.org.br\/index.php\/wp-json\/wp\/v2\/categories?post=1697"},{"taxonomy":"post_tag","embeddable":true,"href":"https:\/\/miraserra.org.br\/index.php\/wp-json\/wp\/v2\/tags?post=1697"}],"curies":[{"name":"wp","href":"https:\/\/api.w.org\/{rel}","templated":true}]}}