{"id":1701,"date":"2016-10-28T10:29:44","date_gmt":"2016-10-28T12:29:44","guid":{"rendered":"http:\/\/miraserra.org.br\/?p=1701"},"modified":"2019-08-26T00:39:05","modified_gmt":"2019-08-26T03:39:05","slug":"oficina-para-planejamento-nos-coredes","status":"publish","type":"post","link":"https:\/\/miraserra.org.br\/index.php\/2016\/10\/28\/oficina-para-planejamento-nos-coredes\/","title":{"rendered":"OFICINA PARA PLANEJAMENTO NOS COREDES"},"content":{"rendered":"\n<p>Nos dias 26 e 27;11;2016, em Lajeado \/RS, foi realizada Oficina de Capacita\u00e7\u00e3o para a nova fase do trabalho dos consultores, que auam nos Planejamentos Estrat\u00e9gicos de Desenvolvimento de COREDEs. Aspectos te\u00f3ricos e exerc\u00edcio pr\u00e1tico tornaram o encontro muito produtivo.<br> <a rel=\"noreferrer noopener\" aria-label=\"Marco Caselani (abre numa nova aba)\" href=\"https:\/\/www.facebook.com\/marco.caselani\" target=\"_blank\">Marco Caselani<\/a>, <a rel=\"noreferrer noopener\" aria-label=\"Maximiliano Finkler (abre numa nova aba)\" href=\"https:\/\/www.facebook.com\/maximiliano.finkler\" target=\"_blank\">Maximiliano Finkler<\/a> e <a rel=\"noreferrer noopener\" aria-label=\"Lisiane Becker (abre numa nova aba)\" href=\"https:\/\/www.facebook.com\/lisiane.becker.33\" target=\"_blank\">Lisiane Becker<\/a>, presentes pelo COREDE Metropolitano Delta do Jacui.<\/p>\n\n\n\n<figure class=\"wp-block-image\"><img loading=\"lazy\" decoding=\"async\" width=\"280\" height=\"157\" src=\"http:\/\/miraserra.org.br\/wp-content\/uploads\/2019\/07\/14523005_1241792042558752_1402873952126319433_n.jpg\" alt=\"\" class=\"wp-image-1705\"\/><\/figure>\n","protected":false},"excerpt":{"rendered":"<p>Nos dias 26 e 27;11;2016, em Lajeado \/RS, foi realizada Oficina de Capacita\u00e7\u00e3o para a nova fase do trabalho dos<\/p>\n","protected":false},"author":1,"featured_media":1704,"comment_status":"closed","ping_status":"closed","sticky":false,"template":"","format":"standard","meta":{"colormag_page_container_layout":"default_layout","colormag_page_sidebar_layout":"default_layout","_themeisle_gutenberg_block_has_review":false,"footnotes":""},"categories":[92],"tags":[],"class_list":["post-1701","post","type-post","status-publish","format-standard","has-post-thumbnail","hentry","category-corede-metropolitano-delta-do-jacui"],"_links":{"self":[{"href":"https:\/\/miraserra.org.br\/index.php\/wp-json\/wp\/v2\/posts\/1701","targetHints":{"allow":["GET"]}}],"collection":[{"href":"https:\/\/miraserra.org.br\/index.php\/wp-json\/wp\/v2\/posts"}],"about":[{"href":"https:\/\/miraserra.org.br\/index.php\/wp-json\/wp\/v2\/types\/post"}],"author":[{"embeddable":true,"href":"https:\/\/miraserra.org.br\/index.php\/wp-json\/wp\/v2\/users\/1"}],"replies":[{"embeddable":true,"href":"https:\/\/miraserra.org.br\/index.php\/wp-json\/wp\/v2\/comments?post=1701"}],"version-history":[{"count":3,"href":"https:\/\/miraserra.org.br\/index.php\/wp-json\/wp\/v2\/posts\/1701\/revisions"}],"predecessor-version":[{"id":1706,"href":"https:\/\/miraserra.org.br\/index.php\/wp-json\/wp\/v2\/posts\/1701\/revisions\/1706"}],"wp:featuredmedia":[{"embeddable":true,"href":"https:\/\/miraserra.org.br\/index.php\/wp-json\/wp\/v2\/media\/1704"}],"wp:attachment":[{"href":"https:\/\/miraserra.org.br\/index.php\/wp-json\/wp\/v2\/media?parent=1701"}],"wp:term":[{"taxonomy":"category","embeddable":true,"href":"https:\/\/miraserra.org.br\/index.php\/wp-json\/wp\/v2\/categories?post=1701"},{"taxonomy":"post_tag","embeddable":true,"href":"https:\/\/miraserra.org.br\/index.php\/wp-json\/wp\/v2\/tags?post=1701"}],"curies":[{"name":"wp","href":"https:\/\/api.w.org\/{rel}","templated":true}]}}