{"id":1740,"date":"2016-10-16T11:38:03","date_gmt":"2016-10-16T13:38:03","guid":{"rendered":"http:\/\/miraserra.org.br\/?p=1740"},"modified":"2019-07-30T11:41:48","modified_gmt":"2019-07-30T14:41:48","slug":"gt-mata-atlantica","status":"publish","type":"post","link":"https:\/\/miraserra.org.br\/index.php\/2016\/10\/16\/gt-mata-atlantica\/","title":{"rendered":"GT Mata Atl\u00e2ntica"},"content":{"rendered":"\n<p>O Grupo de Trabalho\/ Conselho Estadual do Meio Ambiente teve suas duas \u00faltimas reuni\u00f5es dedicadas a conhecer estudos e ferramentas elaboradas pelo DEBIO\/DLF (SEMA-RS), na tardes de 23\/9 e 07\/10. O GT est\u00e1 elaborando minuta para disciplinar o conv\u00eanio entre estado e munic\u00edpio pertinente \u00e0 gest\u00e3o ambiental no bioma e pretende incorporar o conhecimento dos t\u00e9cnicos da SEMA. Parte do material foi apresentado, tamb\u00e9m, no Comit\u00ea da Reserva da Biosfera da Mata Atl\u00e2ntica, em 1\/10.<br> A coordena\u00e7\u00e3o \u00e9 deste GT \u00e9 da MIRA-SERRA.<\/p>\n","protected":false},"excerpt":{"rendered":"<p>O Grupo de Trabalho\/ Conselho Estadual do Meio Ambiente teve suas duas \u00faltimas reuni\u00f5es dedicadas a conhecer estudos e ferramentas<\/p>\n","protected":false},"author":1,"featured_media":1741,"comment_status":"closed","ping_status":"closed","sticky":false,"template":"","format":"standard","meta":{"colormag_page_container_layout":"default_layout","colormag_page_sidebar_layout":"default_layout","_themeisle_gutenberg_block_has_review":false,"footnotes":""},"categories":[31,58,98],"tags":[],"class_list":["post-1740","post","type-post","status-publish","format-standard","has-post-thumbnail","hentry","category-plano-de-mata-atlantica","category-consema-rs","category-gt-mata-atlantica"],"_links":{"self":[{"href":"https:\/\/miraserra.org.br\/index.php\/wp-json\/wp\/v2\/posts\/1740","targetHints":{"allow":["GET"]}}],"collection":[{"href":"https:\/\/miraserra.org.br\/index.php\/wp-json\/wp\/v2\/posts"}],"about":[{"href":"https:\/\/miraserra.org.br\/index.php\/wp-json\/wp\/v2\/types\/post"}],"author":[{"embeddable":true,"href":"https:\/\/miraserra.org.br\/index.php\/wp-json\/wp\/v2\/users\/1"}],"replies":[{"embeddable":true,"href":"https:\/\/miraserra.org.br\/index.php\/wp-json\/wp\/v2\/comments?post=1740"}],"version-history":[{"count":1,"href":"https:\/\/miraserra.org.br\/index.php\/wp-json\/wp\/v2\/posts\/1740\/revisions"}],"predecessor-version":[{"id":1742,"href":"https:\/\/miraserra.org.br\/index.php\/wp-json\/wp\/v2\/posts\/1740\/revisions\/1742"}],"wp:featuredmedia":[{"embeddable":true,"href":"https:\/\/miraserra.org.br\/index.php\/wp-json\/wp\/v2\/media\/1741"}],"wp:attachment":[{"href":"https:\/\/miraserra.org.br\/index.php\/wp-json\/wp\/v2\/media?parent=1740"}],"wp:term":[{"taxonomy":"category","embeddable":true,"href":"https:\/\/miraserra.org.br\/index.php\/wp-json\/wp\/v2\/categories?post=1740"},{"taxonomy":"post_tag","embeddable":true,"href":"https:\/\/miraserra.org.br\/index.php\/wp-json\/wp\/v2\/tags?post=1740"}],"curies":[{"name":"wp","href":"https:\/\/api.w.org\/{rel}","templated":true}]}}