{"id":1797,"date":"2016-07-31T20:19:04","date_gmt":"2016-07-31T23:19:04","guid":{"rendered":"http:\/\/miraserra.org.br\/?p=1797"},"modified":"2020-10-27T19:22:46","modified_gmt":"2020-10-27T22:22:46","slug":"novidades-na-mira-serra","status":"publish","type":"post","link":"https:\/\/miraserra.org.br\/index.php\/2016\/07\/31\/novidades-na-mira-serra\/","title":{"rendered":"Novidades na MIRA-SERRA"},"content":{"rendered":"\n<p>A MIRA-SERRA, a partir de agosto, contar\u00e1 com dois novos<br> estagi\u00e1rios, aluno do \u00faltimo semestre da Biologia na PUC-RS . Al\u00e9m disto, aguarda-se o repasse de recursos financeiros do Fundo Estadual do Meio Ambiente, para executar o projeto aprovado em primeiro lugar, no edital PEASC. Trata-se da publica\u00e7\u00e3o \u201cAVIFAUNA NA COSTA DOCE\u201d. A espera pelo conv\u00eanio j\u00e1 completa dois anos! Outros dois grandes projetos est\u00e3o sendo articulados, versando sobre Mata Atl\u00e2ntica e Zoneamento Regional.<\/p>\n","protected":false},"excerpt":{"rendered":"<p>A MIRA-SERRA, a partir de agosto, contar\u00e1 com dois novos estagi\u00e1rios, aluno do \u00faltimo semestre da Biologia na PUC-RS .<\/p>\n","protected":false},"author":1,"featured_media":1798,"comment_status":"closed","ping_status":"closed","sticky":false,"template":"","format":"standard","meta":{"colormag_page_container_layout":"default_layout","colormag_page_sidebar_layout":"default_layout","_themeisle_gutenberg_block_has_review":false,"footnotes":""},"categories":[264],"tags":[290],"class_list":["post-1797","post","type-post","status-publish","format-standard","has-post-thumbnail","hentry","category-mira-serra-e-parceiros","tag-estagio"],"_links":{"self":[{"href":"https:\/\/miraserra.org.br\/index.php\/wp-json\/wp\/v2\/posts\/1797","targetHints":{"allow":["GET"]}}],"collection":[{"href":"https:\/\/miraserra.org.br\/index.php\/wp-json\/wp\/v2\/posts"}],"about":[{"href":"https:\/\/miraserra.org.br\/index.php\/wp-json\/wp\/v2\/types\/post"}],"author":[{"embeddable":true,"href":"https:\/\/miraserra.org.br\/index.php\/wp-json\/wp\/v2\/users\/1"}],"replies":[{"embeddable":true,"href":"https:\/\/miraserra.org.br\/index.php\/wp-json\/wp\/v2\/comments?post=1797"}],"version-history":[{"count":1,"href":"https:\/\/miraserra.org.br\/index.php\/wp-json\/wp\/v2\/posts\/1797\/revisions"}],"predecessor-version":[{"id":1799,"href":"https:\/\/miraserra.org.br\/index.php\/wp-json\/wp\/v2\/posts\/1797\/revisions\/1799"}],"wp:featuredmedia":[{"embeddable":true,"href":"https:\/\/miraserra.org.br\/index.php\/wp-json\/wp\/v2\/media\/1798"}],"wp:attachment":[{"href":"https:\/\/miraserra.org.br\/index.php\/wp-json\/wp\/v2\/media?parent=1797"}],"wp:term":[{"taxonomy":"category","embeddable":true,"href":"https:\/\/miraserra.org.br\/index.php\/wp-json\/wp\/v2\/categories?post=1797"},{"taxonomy":"post_tag","embeddable":true,"href":"https:\/\/miraserra.org.br\/index.php\/wp-json\/wp\/v2\/tags?post=1797"}],"curies":[{"name":"wp","href":"https:\/\/api.w.org\/{rel}","templated":true}]}}