{"id":1811,"date":"2016-07-31T20:42:13","date_gmt":"2016-07-31T23:42:13","guid":{"rendered":"http:\/\/miraserra.org.br\/?p=1811"},"modified":"2019-07-30T20:43:54","modified_gmt":"2019-07-30T23:43:54","slug":"gt-mata-atlantica-2","status":"publish","type":"post","link":"https:\/\/miraserra.org.br\/index.php\/2016\/07\/31\/gt-mata-atlantica-2\/","title":{"rendered":"GT Mata Atl\u00e2ntica"},"content":{"rendered":"\n<p>(22\/07\/16) Nova reuni\u00e3o do Grupo de Trabalho \u201cMata Atl\u00e2ntica\u201d \/ Conselho Estadual do Meio.Ambiente \u2013 RS , sob coordena\u00e7\u00e3o da MIRA-SERRA : pouco avan\u00e7o na avalia\u00e7\u00e3o da minuta de nova resolu\u00e7\u00e3o. DBIO \u00e9 convidado a apresentar estudo sobre o bioma para elucidar d\u00favidas sobre aplica\u00e7\u00e3o da lei federal sobre o territ\u00f3rio ga\u00facho.<\/p>\n","protected":false},"excerpt":{"rendered":"<p>(22\/07\/16) Nova reuni\u00e3o do Grupo de Trabalho \u201cMata Atl\u00e2ntica\u201d \/ Conselho Estadual do Meio.Ambiente \u2013 RS , sob coordena\u00e7\u00e3o da<\/p>\n","protected":false},"author":1,"featured_media":1812,"comment_status":"closed","ping_status":"closed","sticky":false,"template":"","format":"standard","meta":{"colormag_page_container_layout":"default_layout","colormag_page_sidebar_layout":"default_layout","_themeisle_gutenberg_block_has_review":false,"footnotes":""},"categories":[31,58,96,98],"tags":[],"class_list":["post-1811","post","type-post","status-publish","format-standard","has-post-thumbnail","hentry","category-plano-de-mata-atlantica","category-consema-rs","category-ctp-planejamento-ambiental","category-gt-mata-atlantica"],"_links":{"self":[{"href":"https:\/\/miraserra.org.br\/index.php\/wp-json\/wp\/v2\/posts\/1811","targetHints":{"allow":["GET"]}}],"collection":[{"href":"https:\/\/miraserra.org.br\/index.php\/wp-json\/wp\/v2\/posts"}],"about":[{"href":"https:\/\/miraserra.org.br\/index.php\/wp-json\/wp\/v2\/types\/post"}],"author":[{"embeddable":true,"href":"https:\/\/miraserra.org.br\/index.php\/wp-json\/wp\/v2\/users\/1"}],"replies":[{"embeddable":true,"href":"https:\/\/miraserra.org.br\/index.php\/wp-json\/wp\/v2\/comments?post=1811"}],"version-history":[{"count":1,"href":"https:\/\/miraserra.org.br\/index.php\/wp-json\/wp\/v2\/posts\/1811\/revisions"}],"predecessor-version":[{"id":1813,"href":"https:\/\/miraserra.org.br\/index.php\/wp-json\/wp\/v2\/posts\/1811\/revisions\/1813"}],"wp:featuredmedia":[{"embeddable":true,"href":"https:\/\/miraserra.org.br\/index.php\/wp-json\/wp\/v2\/media\/1812"}],"wp:attachment":[{"href":"https:\/\/miraserra.org.br\/index.php\/wp-json\/wp\/v2\/media?parent=1811"}],"wp:term":[{"taxonomy":"category","embeddable":true,"href":"https:\/\/miraserra.org.br\/index.php\/wp-json\/wp\/v2\/categories?post=1811"},{"taxonomy":"post_tag","embeddable":true,"href":"https:\/\/miraserra.org.br\/index.php\/wp-json\/wp\/v2\/tags?post=1811"}],"curies":[{"name":"wp","href":"https:\/\/api.w.org\/{rel}","templated":true}]}}