{"id":1825,"date":"2016-07-17T20:57:59","date_gmt":"2016-07-17T23:57:59","guid":{"rendered":"http:\/\/miraserra.org.br\/?p=1825"},"modified":"2019-07-30T21:00:40","modified_gmt":"2019-07-31T00:00:40","slug":"confederacao-de-rppnistas-e-conama","status":"publish","type":"post","link":"https:\/\/miraserra.org.br\/index.php\/2016\/07\/17\/confederacao-de-rppnistas-e-conama\/","title":{"rendered":"Confedera\u00e7\u00e3o de RPPNistas e CONAMA"},"content":{"rendered":"\n<p>Reuni\u00e3o de articula\u00e7\u00e3o para agilizar demanda da Confedera\u00e7\u00e3o Nacional de RPPNistas. MIRA-SERRA prop\u00f5e elabora\u00e7\u00e3o de proposta de nova Resolu\u00e7\u00e3o CONAMA, visando incluir as RPPNs na compensa\u00e7\u00e3o ambiental. O encontro contou coma presen\u00e7a de Fl\u00e1vio Ojidos, Laercio<br> Sousa, Lisiane Becker (MIRA-SERRA) e Jos\u00e9 Pedro de Oliveira Costa (Secret\u00e1rio Nacional de Biodiversidade \/MMA) ,na \u00e1rea do IBAMA sede\/Bras\u00edlia \u2013 em 13\/07\/16<\/p>\n","protected":false},"excerpt":{"rendered":"<p>Reuni\u00e3o de articula\u00e7\u00e3o para agilizar demanda da Confedera\u00e7\u00e3o Nacional de RPPNistas. MIRA-SERRA prop\u00f5e elabora\u00e7\u00e3o de proposta de nova Resolu\u00e7\u00e3o CONAMA,<\/p>\n","protected":false},"author":1,"featured_media":1826,"comment_status":"closed","ping_status":"closed","sticky":false,"template":"","format":"standard","meta":{"colormag_page_container_layout":"default_layout","colormag_page_sidebar_layout":"default_layout","_themeisle_gutenberg_block_has_review":false,"footnotes":""},"categories":[90,56],"tags":[],"class_list":["post-1825","post","type-post","status-publish","format-standard","has-post-thumbnail","hentry","category-cn-rppn","category-conama"],"_links":{"self":[{"href":"https:\/\/miraserra.org.br\/index.php\/wp-json\/wp\/v2\/posts\/1825","targetHints":{"allow":["GET"]}}],"collection":[{"href":"https:\/\/miraserra.org.br\/index.php\/wp-json\/wp\/v2\/posts"}],"about":[{"href":"https:\/\/miraserra.org.br\/index.php\/wp-json\/wp\/v2\/types\/post"}],"author":[{"embeddable":true,"href":"https:\/\/miraserra.org.br\/index.php\/wp-json\/wp\/v2\/users\/1"}],"replies":[{"embeddable":true,"href":"https:\/\/miraserra.org.br\/index.php\/wp-json\/wp\/v2\/comments?post=1825"}],"version-history":[{"count":1,"href":"https:\/\/miraserra.org.br\/index.php\/wp-json\/wp\/v2\/posts\/1825\/revisions"}],"predecessor-version":[{"id":1827,"href":"https:\/\/miraserra.org.br\/index.php\/wp-json\/wp\/v2\/posts\/1825\/revisions\/1827"}],"wp:featuredmedia":[{"embeddable":true,"href":"https:\/\/miraserra.org.br\/index.php\/wp-json\/wp\/v2\/media\/1826"}],"wp:attachment":[{"href":"https:\/\/miraserra.org.br\/index.php\/wp-json\/wp\/v2\/media?parent=1825"}],"wp:term":[{"taxonomy":"category","embeddable":true,"href":"https:\/\/miraserra.org.br\/index.php\/wp-json\/wp\/v2\/categories?post=1825"},{"taxonomy":"post_tag","embeddable":true,"href":"https:\/\/miraserra.org.br\/index.php\/wp-json\/wp\/v2\/tags?post=1825"}],"curies":[{"name":"wp","href":"https:\/\/api.w.org\/{rel}","templated":true}]}}