{"id":1828,"date":"2016-07-17T21:01:09","date_gmt":"2016-07-18T00:01:09","guid":{"rendered":"http:\/\/miraserra.org.br\/?p=1828"},"modified":"2019-07-30T21:04:07","modified_gmt":"2019-07-31T00:04:07","slug":"primeira-reuniao-do-conama-com-novo-ministro","status":"publish","type":"post","link":"https:\/\/miraserra.org.br\/index.php\/2016\/07\/17\/primeira-reuniao-do-conama-com-novo-ministro\/","title":{"rendered":"PRIMEIRA REUNI\u00c3O DO CONAMA COM NOVO MINISTRO"},"content":{"rendered":"\n<p>Participa\u00e7\u00e3o da MIRA-SERRA no Conselho Nacional do Meio Ambiente ( CONAMA ) utilizou o espa\u00e7o \u201cTribuna Livre \u201d para, novamente, solicitar a implementa\u00e7\u00e3o do Fundo Nacional de Restaura\u00e7\u00e3o do Bioma Mata Atl\u00e2ntica \u2013 institu\u00eddo pela Lei 11428\/06. Tamb\u00e9m questionou o Secret\u00e1rio de Mudan\u00e7as Clim\u00e1ticas sobre<br> acessibilidade aos Pagamentos por Servi\u00e7os Ambientais. A pauta desta primeira reuni\u00e3o com o ministro Sarney Filho se constituiu de informes, como o do C.A.R., do Acordo de Paris e da Concess\u00e3o Florestal (em 13\/07\/2016). Conselheiros pela MIRA-SERRA (regi\u00e3o sul), Argonautas (regi\u00e3o norte), Guaicuy (nacional) e Sodemap (regi\u00e3o sudeste).<\/p>\n\n\n\n<figure class=\"wp-block-image\"><img loading=\"lazy\" decoding=\"async\" width=\"300\" height=\"225\" src=\"http:\/\/miraserra.org.br\/wp-content\/uploads\/2019\/07\/13680864_1133739316697359_5723467765675275609_n-300x225.jpg\" alt=\"\" class=\"wp-image-1830\"\/><\/figure>\n","protected":false},"excerpt":{"rendered":"<p>Participa\u00e7\u00e3o da MIRA-SERRA no Conselho Nacional do Meio Ambiente ( CONAMA ) utilizou o espa\u00e7o \u201cTribuna Livre \u201d para, novamente,<\/p>\n","protected":false},"author":1,"featured_media":1829,"comment_status":"closed","ping_status":"closed","sticky":false,"template":"","format":"standard","meta":{"colormag_page_container_layout":"default_layout","colormag_page_sidebar_layout":"default_layout","_themeisle_gutenberg_block_has_review":false,"footnotes":""},"categories":[56],"tags":[],"class_list":["post-1828","post","type-post","status-publish","format-standard","has-post-thumbnail","hentry","category-conama"],"_links":{"self":[{"href":"https:\/\/miraserra.org.br\/index.php\/wp-json\/wp\/v2\/posts\/1828","targetHints":{"allow":["GET"]}}],"collection":[{"href":"https:\/\/miraserra.org.br\/index.php\/wp-json\/wp\/v2\/posts"}],"about":[{"href":"https:\/\/miraserra.org.br\/index.php\/wp-json\/wp\/v2\/types\/post"}],"author":[{"embeddable":true,"href":"https:\/\/miraserra.org.br\/index.php\/wp-json\/wp\/v2\/users\/1"}],"replies":[{"embeddable":true,"href":"https:\/\/miraserra.org.br\/index.php\/wp-json\/wp\/v2\/comments?post=1828"}],"version-history":[{"count":1,"href":"https:\/\/miraserra.org.br\/index.php\/wp-json\/wp\/v2\/posts\/1828\/revisions"}],"predecessor-version":[{"id":1831,"href":"https:\/\/miraserra.org.br\/index.php\/wp-json\/wp\/v2\/posts\/1828\/revisions\/1831"}],"wp:featuredmedia":[{"embeddable":true,"href":"https:\/\/miraserra.org.br\/index.php\/wp-json\/wp\/v2\/media\/1829"}],"wp:attachment":[{"href":"https:\/\/miraserra.org.br\/index.php\/wp-json\/wp\/v2\/media?parent=1828"}],"wp:term":[{"taxonomy":"category","embeddable":true,"href":"https:\/\/miraserra.org.br\/index.php\/wp-json\/wp\/v2\/categories?post=1828"},{"taxonomy":"post_tag","embeddable":true,"href":"https:\/\/miraserra.org.br\/index.php\/wp-json\/wp\/v2\/tags?post=1828"}],"curies":[{"name":"wp","href":"https:\/\/api.w.org\/{rel}","templated":true}]}}