{"id":1832,"date":"2016-07-17T21:05:22","date_gmt":"2016-07-18T00:05:22","guid":{"rendered":"http:\/\/miraserra.org.br\/?p=1832"},"modified":"2019-07-30T21:07:37","modified_gmt":"2019-07-31T00:07:37","slug":"gt-mata-atlantica-consema","status":"publish","type":"post","link":"https:\/\/miraserra.org.br\/index.php\/2016\/07\/17\/gt-mata-atlantica-consema\/","title":{"rendered":"GT MATA ATL\u00c2NTICA\/CONSEMA"},"content":{"rendered":"\n<p>Grupo de Trabalho \u201cMata Atl\u00e2ntica\u201d, criado pela C\u00e3mara T\u00e9cnica Permante \u201cPlanejamento Ambiental do CONSEMA-RS, volta a se reunir no pr\u00e9dio da SEMA-RS. Al\u00e9m das discuss\u00f5es gerais relativas ao tema, o grupo avan\u00e7ou sobre destaques nos artigos iniciais da minuta de nova Resolu\u00e7\u00e3o. A proposta versa sobre o conv\u00eanio entre Estado e munic\u00edpios, para o licenciamento no Bioma. A MIRA-SERRA coordena oeste GT.<\/p>\n","protected":false},"excerpt":{"rendered":"<p>Grupo de Trabalho \u201cMata Atl\u00e2ntica\u201d, criado pela C\u00e3mara T\u00e9cnica Permante \u201cPlanejamento Ambiental do CONSEMA-RS, volta a se reunir no pr\u00e9dio<\/p>\n","protected":false},"author":1,"featured_media":1833,"comment_status":"closed","ping_status":"closed","sticky":false,"template":"","format":"standard","meta":{"colormag_page_container_layout":"default_layout","colormag_page_sidebar_layout":"default_layout","_themeisle_gutenberg_block_has_review":false,"footnotes":""},"categories":[31,58,96,98],"tags":[],"class_list":["post-1832","post","type-post","status-publish","format-standard","has-post-thumbnail","hentry","category-plano-de-mata-atlantica","category-consema-rs","category-ctp-planejamento-ambiental","category-gt-mata-atlantica"],"_links":{"self":[{"href":"https:\/\/miraserra.org.br\/index.php\/wp-json\/wp\/v2\/posts\/1832","targetHints":{"allow":["GET"]}}],"collection":[{"href":"https:\/\/miraserra.org.br\/index.php\/wp-json\/wp\/v2\/posts"}],"about":[{"href":"https:\/\/miraserra.org.br\/index.php\/wp-json\/wp\/v2\/types\/post"}],"author":[{"embeddable":true,"href":"https:\/\/miraserra.org.br\/index.php\/wp-json\/wp\/v2\/users\/1"}],"replies":[{"embeddable":true,"href":"https:\/\/miraserra.org.br\/index.php\/wp-json\/wp\/v2\/comments?post=1832"}],"version-history":[{"count":1,"href":"https:\/\/miraserra.org.br\/index.php\/wp-json\/wp\/v2\/posts\/1832\/revisions"}],"predecessor-version":[{"id":1834,"href":"https:\/\/miraserra.org.br\/index.php\/wp-json\/wp\/v2\/posts\/1832\/revisions\/1834"}],"wp:featuredmedia":[{"embeddable":true,"href":"https:\/\/miraserra.org.br\/index.php\/wp-json\/wp\/v2\/media\/1833"}],"wp:attachment":[{"href":"https:\/\/miraserra.org.br\/index.php\/wp-json\/wp\/v2\/media?parent=1832"}],"wp:term":[{"taxonomy":"category","embeddable":true,"href":"https:\/\/miraserra.org.br\/index.php\/wp-json\/wp\/v2\/categories?post=1832"},{"taxonomy":"post_tag","embeddable":true,"href":"https:\/\/miraserra.org.br\/index.php\/wp-json\/wp\/v2\/tags?post=1832"}],"curies":[{"name":"wp","href":"https:\/\/api.w.org\/{rel}","templated":true}]}}