{"id":1838,"date":"2016-06-30T21:13:23","date_gmt":"2016-07-01T00:13:23","guid":{"rendered":"http:\/\/miraserra.org.br\/?p=1838"},"modified":"2019-07-30T21:16:26","modified_gmt":"2019-07-31T00:16:26","slug":"discussao-continua","status":"publish","type":"post","link":"https:\/\/miraserra.org.br\/index.php\/2016\/06\/30\/discussao-continua\/","title":{"rendered":"Discuss\u00e3o continua"},"content":{"rendered":"\n<p>(13 de junho)<br>Reuni\u00e3o da subcomiss\u00e3o da Assembl\u00e9ia Legislativa RS, que trata da an\u00e1lise, atualiza\u00e7\u00e3o e aperfei\u00e7oamento do C\u00f3digo Estadual Ambiental. Na ocasi\u00e3o, a outra subcomiss\u00e3o que avalia o C\u00f3digo Estadual Florestal n\u00e3o se reuniu conjuntamente, como ocorria, em fun\u00e7\u00e3o dos prazos diferenciados. Foi apresentada a sistematiza\u00e7\u00e3o de todas as contribui\u00e7\u00f5es das entidades que participaram do processo.O material havia sido enviado com anteced\u00eancia, o que otimizou o tempo da reuni\u00e3o. A MIRA-SERRA destacou que o CONSEMA dever\u00e1 aprovar, em sua pr\u00f3xima reuni\u00e3o, uma nova Resolu\u00e7\u00e3o que regulamentar\u00e1 os licenciamentos no entorno e\/ou na \u00e1rea de amortecimento de Unidades de Conserva\u00e7\u00e3o \u2013 lembrando que este tema foi abordado por alguns setores como tendo necessidade de altera\u00e7\u00e3o na atual lei estadual,no encontro anterior das subcomiss\u00f5es. Neste sentido, o presidente da subcomiss\u00e3o achou oportuno, tamb\u00e9m, encaminhar o produto para o CONSEMA. Os participantes deste processo se reunir\u00e3o, antes desta sexta \u2013 feira, para trabalhar nos consensos e notas relevantes. O resultado ser\u00e1 encaminhado ao vereador Frederico Antunes. Salienta \u2013 se que este se constituir\u00e1 em material para embasar encaminhamentos necess\u00e1rios, que poder\u00e3o incluir propostas para regulamenta\u00e7\u00e3o via Executivo e CONSEMA.<\/p>\n","protected":false},"excerpt":{"rendered":"<p>(13 de junho)Reuni\u00e3o da subcomiss\u00e3o da Assembl\u00e9ia Legislativa RS, que trata da an\u00e1lise, atualiza\u00e7\u00e3o e aperfei\u00e7oamento do C\u00f3digo Estadual Ambiental.<\/p>\n","protected":false},"author":1,"featured_media":1839,"comment_status":"closed","ping_status":"closed","sticky":false,"template":"","format":"standard","meta":{"colormag_page_container_layout":"default_layout","colormag_page_sidebar_layout":"default_layout","_themeisle_gutenberg_block_has_review":false,"footnotes":""},"categories":[87],"tags":[],"class_list":["post-1838","post","type-post","status-publish","format-standard","has-post-thumbnail","hentry","category-assembleia-legislativa"],"_links":{"self":[{"href":"https:\/\/miraserra.org.br\/index.php\/wp-json\/wp\/v2\/posts\/1838","targetHints":{"allow":["GET"]}}],"collection":[{"href":"https:\/\/miraserra.org.br\/index.php\/wp-json\/wp\/v2\/posts"}],"about":[{"href":"https:\/\/miraserra.org.br\/index.php\/wp-json\/wp\/v2\/types\/post"}],"author":[{"embeddable":true,"href":"https:\/\/miraserra.org.br\/index.php\/wp-json\/wp\/v2\/users\/1"}],"replies":[{"embeddable":true,"href":"https:\/\/miraserra.org.br\/index.php\/wp-json\/wp\/v2\/comments?post=1838"}],"version-history":[{"count":1,"href":"https:\/\/miraserra.org.br\/index.php\/wp-json\/wp\/v2\/posts\/1838\/revisions"}],"predecessor-version":[{"id":1840,"href":"https:\/\/miraserra.org.br\/index.php\/wp-json\/wp\/v2\/posts\/1838\/revisions\/1840"}],"wp:featuredmedia":[{"embeddable":true,"href":"https:\/\/miraserra.org.br\/index.php\/wp-json\/wp\/v2\/media\/1839"}],"wp:attachment":[{"href":"https:\/\/miraserra.org.br\/index.php\/wp-json\/wp\/v2\/media?parent=1838"}],"wp:term":[{"taxonomy":"category","embeddable":true,"href":"https:\/\/miraserra.org.br\/index.php\/wp-json\/wp\/v2\/categories?post=1838"},{"taxonomy":"post_tag","embeddable":true,"href":"https:\/\/miraserra.org.br\/index.php\/wp-json\/wp\/v2\/tags?post=1838"}],"curies":[{"name":"wp","href":"https:\/\/api.w.org\/{rel}","templated":true}]}}