{"id":1859,"date":"2016-06-23T21:54:42","date_gmt":"2016-06-24T00:54:42","guid":{"rendered":"http:\/\/miraserra.org.br\/?p=1859"},"modified":"2020-10-05T17:21:51","modified_gmt":"2020-10-05T20:21:51","slug":"rbma","status":"publish","type":"post","link":"https:\/\/miraserra.org.br\/index.php\/2016\/06\/23\/rbma\/","title":{"rendered":"RBMA"},"content":{"rendered":"\n<p><strong>POSTO AVAN\u00c7ADO DA RESERVA DA BIOSFERA DA MATA ATL\u00c2NTICA: MIRA-SERRA<\/strong><\/p>\n\n\n\n<p>-O Complexo MIRA-SERRA obteve o reconhecimento como Posto Avan\u00e7ado da reserva da Biosfera da Mata Atl\u00e2ntica, em 2006, devido aos seus esfor\u00e7os na prote\u00e7\u00e3o, divulga\u00e7\u00e3o e capacita\u00e7\u00e3o para este bioma \u2013 um dos cinco mais amea\u00e7ados do nosso planeta.<\/p>\n\n\n\n<p>-Saiba mais: Reserva da Biosfera da Mata<br> Atl\u00e2ntica (<a href=\"http:\/\/www.rbma.org.br\/index.asp\" target=\"_blank\" rel=\"noreferrer noopener\" aria-label=\"www.rbma.org.br (abre numa nova aba)\">www.rbma.org.br<\/a>)<\/p>\n","protected":false},"excerpt":{"rendered":"<p>POSTO AVAN\u00c7ADO DA RESERVA DA BIOSFERA DA MATA ATL\u00c2NTICA: MIRA-SERRA -O Complexo MIRA-SERRA obteve o reconhecimento como Posto Avan\u00e7ado da<\/p>\n","protected":false},"author":1,"featured_media":1860,"comment_status":"closed","ping_status":"closed","sticky":false,"template":"","format":"standard","meta":{"colormag_page_container_layout":"default_layout","colormag_page_sidebar_layout":"default_layout","_themeisle_gutenberg_block_has_review":false,"footnotes":""},"categories":[1,264],"tags":[],"class_list":["post-1859","post","type-post","status-publish","format-standard","has-post-thumbnail","hentry","category-menu","category-mira-serra-e-parceiros"],"_links":{"self":[{"href":"https:\/\/miraserra.org.br\/index.php\/wp-json\/wp\/v2\/posts\/1859","targetHints":{"allow":["GET"]}}],"collection":[{"href":"https:\/\/miraserra.org.br\/index.php\/wp-json\/wp\/v2\/posts"}],"about":[{"href":"https:\/\/miraserra.org.br\/index.php\/wp-json\/wp\/v2\/types\/post"}],"author":[{"embeddable":true,"href":"https:\/\/miraserra.org.br\/index.php\/wp-json\/wp\/v2\/users\/1"}],"replies":[{"embeddable":true,"href":"https:\/\/miraserra.org.br\/index.php\/wp-json\/wp\/v2\/comments?post=1859"}],"version-history":[{"count":1,"href":"https:\/\/miraserra.org.br\/index.php\/wp-json\/wp\/v2\/posts\/1859\/revisions"}],"predecessor-version":[{"id":1861,"href":"https:\/\/miraserra.org.br\/index.php\/wp-json\/wp\/v2\/posts\/1859\/revisions\/1861"}],"wp:featuredmedia":[{"embeddable":true,"href":"https:\/\/miraserra.org.br\/index.php\/wp-json\/wp\/v2\/media\/1860"}],"wp:attachment":[{"href":"https:\/\/miraserra.org.br\/index.php\/wp-json\/wp\/v2\/media?parent=1859"}],"wp:term":[{"taxonomy":"category","embeddable":true,"href":"https:\/\/miraserra.org.br\/index.php\/wp-json\/wp\/v2\/categories?post=1859"},{"taxonomy":"post_tag","embeddable":true,"href":"https:\/\/miraserra.org.br\/index.php\/wp-json\/wp\/v2\/tags?post=1859"}],"curies":[{"name":"wp","href":"https:\/\/api.w.org\/{rel}","templated":true}]}}