{"id":1927,"date":"2019-08-13T22:44:44","date_gmt":"2019-08-14T01:44:44","guid":{"rendered":"http:\/\/miraserra.org.br\/?p=1927"},"modified":"2019-09-08T13:41:31","modified_gmt":"2019-09-08T16:41:31","slug":"cerbma-rs-com-demanda-intensa","status":"publish","type":"post","link":"https:\/\/miraserra.org.br\/index.php\/2019\/08\/13\/cerbma-rs-com-demanda-intensa\/","title":{"rendered":"CERBMA-RS com demanda intensa"},"content":{"rendered":"\n<figure class=\"wp-block-image\"><img loading=\"lazy\" decoding=\"async\" width=\"960\" height=\"466\" src=\"http:\/\/miraserra.org.br\/wp-content\/uploads\/2019\/08\/68621881_2859802730700530_4087524391397621760_n.jpg\" alt=\"\" class=\"wp-image-1928\" srcset=\"https:\/\/miraserra.org.br\/wp-content\/uploads\/2019\/08\/68621881_2859802730700530_4087524391397621760_n.jpg 960w, https:\/\/miraserra.org.br\/wp-content\/uploads\/2019\/08\/68621881_2859802730700530_4087524391397621760_n-300x146.jpg 300w, https:\/\/miraserra.org.br\/wp-content\/uploads\/2019\/08\/68621881_2859802730700530_4087524391397621760_n-768x373.jpg 768w\" sizes=\"auto, (max-width: 960px) 100vw, 960px\" \/><\/figure>\n\n\n\n<p>Reuni\u00e3o do Comit\u00ea Estadual da Reserva da Biosfera da Mata Atl\u00e2ntica, em 13\/8\/19, discutiu:<\/p>\n\n\n\n<p>1.Atualiza\u00e7\u00e3o da composi\u00e7\u00e3o do CERBMA-RS frente \u00e0 extin\u00e7\u00e3o da FZB e Metroplan e prepara\u00e7\u00e3o das elei\u00e7\u00f5es da gest\u00e3o 2019 a 2022:<br>O ICMBio passa a ocupar a vaga da FZB. A Metroplan, se mant\u00e9m, por\u00e9m inserida na Secretaria em que est\u00e1 subordinada. Os demais casos similares foram uniformizados, inciando a denomina\u00e7\u00e3o da entidade pela sua secretaria estadual.<br>Neste item, a representante do Inst. MIRA-SERRA sugeriu a inclus\u00e3o da Associa\u00e7\u00e3o Charrua de RPPNs, dado o potencial de novos postos avan\u00e7ados da RBMA, entre outros aspectos relevantes. Para manter a paridade na composi\u00e7\u00e3o do colegiado, a plen\u00e1ria indicou tamb\u00e9m a Secretaria Estadual de Educa\u00e7\u00e3o. Ambas as entidades ser\u00e3o consultadas quanto ao interesse em assumir as vagas<br>Sobre as elei\u00e7\u00f5es para a pr\u00f3xima, ser\u00e1 enviada correspond\u00eancia para as entidades encaminharem seus representantes.<\/p>\n\n\n\n<p>2.Manifesta\u00e7\u00f5es do CERBMA em processos de licenciamento ambiental.<\/p>\n\n\n\n<p>2.1.Manifesta\u00e7\u00e3o sobre licenciamento ambiental de sistema Integrado de Abastecimento de \u00c1gua cuja adutora passa por trecho de Zona N\u00facleo:<br>A MIRA-SERRA iniciou a discuss\u00e3o, discorrendo sobre a inseguran\u00e7a quanto \u00e0 implementa\u00e7\u00e3o das diretrizes propostas ante \u00e0 aus\u00eancia de elementos t\u00e9cnicos apontados excelente an\u00e1lise do projeto.<\/p>\n\n\n\n<p>2.2.Manifesta\u00e7\u00e3o sobre Linha de Transmiss\u00e3o Guapor\u00e9 \u2013 Arvorezinha em \u00e1rea da RBMA:<br>Neste item, a MIRA-SERRA questionou sobre a possibilidade de interditar a trilha informal que ser\u00e1 utilizada para a adutora, de modo que se restabele\u00e7a a vegeta\u00e7\u00e3o. Por se tratar de propriedade particular, como informado pelo \u00f3rg\u00e3o licenciador, pergintou se estaria inscroto no Cadastro Ambiental Rural &#8211; algo que n\u00e3o foi respondido por n\u00e3o ter sido avaliado ainda. A representante da ONG, tamb\u00e9m, mencionou que as imagens parecem contrariar o est\u00e1gio de sucess\u00e3o ecol\u00f3gica apontado no estudo, o que poderia alterar o enquadramento na legisla\u00e7\u00e3o especifica. Ap\u00f3s as demais manifesta\u00e7\u00f5es de conselheiros, foi deliberado que os conselheiros dever\u00e3o enviar manifesta\u00e7\u00e3o sobre aspectos a serem observados na adutora.<\/p>\n\n\n\n<p>2.3.Nova solicita\u00e7\u00e3o de manifesta\u00e7\u00e3o: Linha de Transmiss\u00e3o 138kV Planalto &#8211; Frederico Westphalen \u2013 SEMA:<br>Talvez por equ\u00edvoco de entendimento, o proponente n\u00e3o compareceu. Ficou para a pr\u00f3xima reuni\u00e3o, sendo solicitado o envio pr\u00e9vio do respectivo material para os conselheiros agilizarem o estudo.<\/p>\n\n\n\n<p>3.Assuntos Gerais e Informes:<\/p>\n\n\n\n<p>3.1. Relatos de representantes do CERBMA\/RS em Conselhos de Unidades de Conserva\u00e7\u00e3o \u2013 UCs.<br>MIRA-SERRA atualizou informa\u00e7\u00f5es sobre a a\u00e7\u00e3o no MPF bem como da situa\u00e7\u00e3o no Conselho Consultivo dos Parques Nacionais Aparados da Serra e Serra Geral.<\/p>\n\n\n\n<p>Vide in\u00edcio da inquieta\u00e7\u00e3o em:<\/p>\n\n\n\n<p><a href=\"http:\/\/miraserra.org.br\/\u2026\/manifesto-contra-atividade-no-pa\u2026\/\">http:\/\/miraserra.org.br\/\u2026\/manifesto-contra-atividade-no-pa\u2026\/<\/a><\/p>\n\n\n\n<p>3.2.Informa\u00e7\u00e3o sobre encaminhamentos das delibera\u00e7\u00f5es dos conselheiros nas reuni\u00f5es anteriores.<\/p>\n\n\n\n<p>3.3.Outros pautados pelos (as) conselheiros (as) &#8211; Atualiza\u00e7\u00e3o sobre andamento de processos de prote\u00e7\u00e3o dos contrafortes do Ferrabraz\/Lu\u00eds Fernando Stumpf, N\u00facleo Socioambiental Arac\u00e1-piranga.<\/p>\n\n\n\n<p>3.4. A representante da MIRA-SERRA relatou, brevemente, sobre participa\u00e7\u00e3o na frente t\u00e9cnica do Comit\u00ea de Combate \u00e0 Megaminera\u00e7\u00e3o e envio de parecer tecnico da ONG, relativo \u00e0 Mina Guaiba, para a FEPAM.<\/p>\n\n\n\n<p>Veja mais em:<br><a href=\"http:\/\/miraserra.org.br\/index.php\/2019\/07\/15\/mina-tambem-impactaria-porto-alegre\/?fbclid=IwAR3lBzXjzZzlBDFoDX01LPBrxKyRbeNsl3-arxgfhHu3J5XIR6xtZRBiZQA\" target=\"_blank\" rel=\"noreferrer noopener\">http:\/\/miraserra.org.br\/\u2026\/mina-tambem-impactaria-porto-ale\u2026\/<\/a><\/p>\n\n\n\n<p>Adicionalmente, falou sobre problemas previstos na altera\u00e7\u00e3o do Plano Diretor e no C\u00f3digo de Obras de S\u00e3o Francisco de Paula.<\/p>\n\n\n\n<p>Informou sobre o est\u00e1gio atual para a cria\u00e7\u00e3o do Ref\u00fagio da Vida Silvestre, proposto \u00e0 SEMA pela ONG, e que fora referendado pelo CERBMA-RS.<\/p>\n","protected":false},"excerpt":{"rendered":"<p>Reuni\u00e3o do Comit\u00ea Estadual da Reserva da Biosfera da Mata Atl\u00e2ntica, em 13\/8\/19, discutiu: 1.Atualiza\u00e7\u00e3o da composi\u00e7\u00e3o do CERBMA-RS frente<\/p>\n","protected":false},"author":1,"featured_media":1928,"comment_status":"closed","ping_status":"closed","sticky":false,"template":"","format":"standard","meta":{"colormag_page_container_layout":"default_layout","colormag_page_sidebar_layout":"default_layout","_themeisle_gutenberg_block_has_review":false,"footnotes":""},"categories":[50,35],"tags":[125,126,108],"class_list":["post-1927","post","type-post","status-publish","format-standard","has-post-thumbnail","hentry","category-cerbma","category-parnas","tag-licenciamento-ambinetal","tag-parnas","tag-sao-francisco-de-paula"],"_links":{"self":[{"href":"https:\/\/miraserra.org.br\/index.php\/wp-json\/wp\/v2\/posts\/1927","targetHints":{"allow":["GET"]}}],"collection":[{"href":"https:\/\/miraserra.org.br\/index.php\/wp-json\/wp\/v2\/posts"}],"about":[{"href":"https:\/\/miraserra.org.br\/index.php\/wp-json\/wp\/v2\/types\/post"}],"author":[{"embeddable":true,"href":"https:\/\/miraserra.org.br\/index.php\/wp-json\/wp\/v2\/users\/1"}],"replies":[{"embeddable":true,"href":"https:\/\/miraserra.org.br\/index.php\/wp-json\/wp\/v2\/comments?post=1927"}],"version-history":[{"count":1,"href":"https:\/\/miraserra.org.br\/index.php\/wp-json\/wp\/v2\/posts\/1927\/revisions"}],"predecessor-version":[{"id":1929,"href":"https:\/\/miraserra.org.br\/index.php\/wp-json\/wp\/v2\/posts\/1927\/revisions\/1929"}],"wp:featuredmedia":[{"embeddable":true,"href":"https:\/\/miraserra.org.br\/index.php\/wp-json\/wp\/v2\/media\/1928"}],"wp:attachment":[{"href":"https:\/\/miraserra.org.br\/index.php\/wp-json\/wp\/v2\/media?parent=1927"}],"wp:term":[{"taxonomy":"category","embeddable":true,"href":"https:\/\/miraserra.org.br\/index.php\/wp-json\/wp\/v2\/categories?post=1927"},{"taxonomy":"post_tag","embeddable":true,"href":"https:\/\/miraserra.org.br\/index.php\/wp-json\/wp\/v2\/tags?post=1927"}],"curies":[{"name":"wp","href":"https:\/\/api.w.org\/{rel}","templated":true}]}}