{"id":1938,"date":"2019-08-19T23:23:38","date_gmt":"2019-08-20T02:23:38","guid":{"rendered":"http:\/\/miraserra.org.br\/?p=1938"},"modified":"2019-08-25T23:24:21","modified_gmt":"2019-08-26T02:24:21","slug":"oab-rs-e-o-carvao","status":"publish","type":"post","link":"https:\/\/miraserra.org.br\/index.php\/2019\/08\/19\/oab-rs-e-o-carvao\/","title":{"rendered":"OAB-RS E O CARV\u00c3O"},"content":{"rendered":"\n<p>Audi\u00eancia p\u00fablica na OAB\/RS, sobre a Politica Estadual do Carv\u00e3o Mineral, tamb\u00e9m tratou do projeto Mina Gua\u00edba.<\/p>\n\n\n\n<figure class=\"wp-block-image\"><img loading=\"lazy\" decoding=\"async\" width=\"1024\" height=\"498\" src=\"http:\/\/miraserra.org.br\/wp-content\/uploads\/2019\/08\/69514229_2878327345514735_1210816272187523072_o-1024x498.jpg\" alt=\"\" class=\"wp-image-1939\" srcset=\"https:\/\/miraserra.org.br\/wp-content\/uploads\/2019\/08\/69514229_2878327345514735_1210816272187523072_o-1024x498.jpg 1024w, https:\/\/miraserra.org.br\/wp-content\/uploads\/2019\/08\/69514229_2878327345514735_1210816272187523072_o-300x146.jpg 300w, https:\/\/miraserra.org.br\/wp-content\/uploads\/2019\/08\/69514229_2878327345514735_1210816272187523072_o-768x373.jpg 768w, https:\/\/miraserra.org.br\/wp-content\/uploads\/2019\/08\/69514229_2878327345514735_1210816272187523072_o.jpg 1316w\" sizes=\"auto, (max-width: 1024px) 100vw, 1024px\" \/><figcaption>Mesa inicial dos trabalhos<\/figcaption><\/figure>\n\n\n\n<p>Veja mais em:<br><a href=\"https:\/\/www.oabrs.org.br\/mobile\/noticias\/audiencia-publica-na-oabrs-debate-sobre-politica-estadual-carvao-mineral\/30712?fbclid=IwAR0SOB66aVmRZPL48i51AT-kAjQ3jtg399aS7h0KMCizxoQYjIFbelNl6k8\" target=\"_blank\" rel=\"noreferrer noopener\">https:\/\/www.oabrs.org.br\/\u2026\/audiencia-publica-na-oabrs\u2026\/30712<\/a><\/p>\n\n\n\n<figure class=\"wp-block-image\"><img loading=\"lazy\" decoding=\"async\" width=\"647\" height=\"369\" src=\"http:\/\/miraserra.org.br\/wp-content\/uploads\/2019\/08\/69612981_2856102104418359_3075336591279915008_n.jpg\" alt=\"\" class=\"wp-image-1940\" srcset=\"https:\/\/miraserra.org.br\/wp-content\/uploads\/2019\/08\/69612981_2856102104418359_3075336591279915008_n.jpg 647w, https:\/\/miraserra.org.br\/wp-content\/uploads\/2019\/08\/69612981_2856102104418359_3075336591279915008_n-300x171.jpg 300w\" sizes=\"auto, (max-width: 647px) 100vw, 647px\" \/><figcaption>Representante da MIRA-SERRA questionou encaminhamento no processo Mina Gua\u00edba no contexto da audi\u00eancia<\/figcaption><\/figure>\n","protected":false},"excerpt":{"rendered":"<p>Audi\u00eancia p\u00fablica na OAB\/RS, sobre a Politica Estadual do Carv\u00e3o Mineral, tamb\u00e9m tratou do projeto Mina Gua\u00edba. Veja mais em:https:\/\/www.oabrs.org.br\/\u2026\/audiencia-publica-na-oabrs\u2026\/30712<\/p>\n","protected":false},"author":1,"featured_media":1940,"comment_status":"closed","ping_status":"closed","sticky":false,"template":"","format":"standard","meta":{"colormag_page_container_layout":"default_layout","colormag_page_sidebar_layout":"default_layout","_themeisle_gutenberg_block_has_review":false,"footnotes":""},"categories":[26,27],"tags":[133,104,132],"class_list":["post-1938","post","type-post","status-publish","format-standard","has-post-thumbnail","hentry","category-eventos","category-megamineracao","tag-megamineracao","tag-mina-guaiba","tag-politica-estadual"],"_links":{"self":[{"href":"https:\/\/miraserra.org.br\/index.php\/wp-json\/wp\/v2\/posts\/1938","targetHints":{"allow":["GET"]}}],"collection":[{"href":"https:\/\/miraserra.org.br\/index.php\/wp-json\/wp\/v2\/posts"}],"about":[{"href":"https:\/\/miraserra.org.br\/index.php\/wp-json\/wp\/v2\/types\/post"}],"author":[{"embeddable":true,"href":"https:\/\/miraserra.org.br\/index.php\/wp-json\/wp\/v2\/users\/1"}],"replies":[{"embeddable":true,"href":"https:\/\/miraserra.org.br\/index.php\/wp-json\/wp\/v2\/comments?post=1938"}],"version-history":[{"count":1,"href":"https:\/\/miraserra.org.br\/index.php\/wp-json\/wp\/v2\/posts\/1938\/revisions"}],"predecessor-version":[{"id":1941,"href":"https:\/\/miraserra.org.br\/index.php\/wp-json\/wp\/v2\/posts\/1938\/revisions\/1941"}],"wp:featuredmedia":[{"embeddable":true,"href":"https:\/\/miraserra.org.br\/index.php\/wp-json\/wp\/v2\/media\/1940"}],"wp:attachment":[{"href":"https:\/\/miraserra.org.br\/index.php\/wp-json\/wp\/v2\/media?parent=1938"}],"wp:term":[{"taxonomy":"category","embeddable":true,"href":"https:\/\/miraserra.org.br\/index.php\/wp-json\/wp\/v2\/categories?post=1938"},{"taxonomy":"post_tag","embeddable":true,"href":"https:\/\/miraserra.org.br\/index.php\/wp-json\/wp\/v2\/tags?post=1938"}],"curies":[{"name":"wp","href":"https:\/\/api.w.org\/{rel}","templated":true}]}}