{"id":1946,"date":"2019-08-20T23:54:03","date_gmt":"2019-08-21T02:54:03","guid":{"rendered":"http:\/\/miraserra.org.br\/?p=1946"},"modified":"2019-08-26T00:48:20","modified_gmt":"2019-08-26T03:48:20","slug":"audiencia-no-mpe","status":"publish","type":"post","link":"https:\/\/miraserra.org.br\/index.php\/2019\/08\/20\/audiencia-no-mpe\/","title":{"rendered":"AUDI\u00caNCIA NO MPE"},"content":{"rendered":"\n<p>Integrando o inqu\u00e9rito civil, no Minist\u00e9rio P\u00fablico Estadual, a audi\u00eancia p\u00fablica sobre o projeto Mina Gua\u00edba contou com a presen\u00e7a do Minist\u00e9rio P\u00fablico Federal e convidados.<\/p>\n\n\n\n<figure class=\"wp-block-image\"><img loading=\"lazy\" decoding=\"async\" width=\"1024\" height=\"498\" src=\"http:\/\/miraserra.org.br\/wp-content\/uploads\/2019\/08\/69143860_2868544173159719_6995035161356140544_o-1024x498.jpg\" alt=\"\" class=\"wp-image-1947\" srcset=\"https:\/\/miraserra.org.br\/wp-content\/uploads\/2019\/08\/69143860_2868544173159719_6995035161356140544_o-1024x498.jpg 1024w, https:\/\/miraserra.org.br\/wp-content\/uploads\/2019\/08\/69143860_2868544173159719_6995035161356140544_o-300x146.jpg 300w, https:\/\/miraserra.org.br\/wp-content\/uploads\/2019\/08\/69143860_2868544173159719_6995035161356140544_o-768x373.jpg 768w, https:\/\/miraserra.org.br\/wp-content\/uploads\/2019\/08\/69143860_2868544173159719_6995035161356140544_o.jpg 1316w\" sizes=\"auto, (max-width: 1024px) 100vw, 1024px\" \/><\/figure>\n\n\n\n<div class=\"wp-block-image\"><figure class=\"aligncenter is-resized\"><img loading=\"lazy\" decoding=\"async\" src=\"http:\/\/miraserra.org.br\/wp-content\/uploads\/2019\/08\/68668908_2868544119826391_7655615687125106688_n.jpg\" alt=\"\" class=\"wp-image-1949\" width=\"269\" height=\"357\"\/><\/figure><\/div>\n\n\n\n<figure class=\"wp-block-image\"><img loading=\"lazy\" decoding=\"async\" width=\"960\" height=\"720\" src=\"http:\/\/miraserra.org.br\/wp-content\/uploads\/2019\/08\/69257251_2868544036493066_8825708741564301312_n.jpg\" alt=\"\" class=\"wp-image-1948\" srcset=\"https:\/\/miraserra.org.br\/wp-content\/uploads\/2019\/08\/69257251_2868544036493066_8825708741564301312_n.jpg 960w, https:\/\/miraserra.org.br\/wp-content\/uploads\/2019\/08\/69257251_2868544036493066_8825708741564301312_n-300x225.jpg 300w, https:\/\/miraserra.org.br\/wp-content\/uploads\/2019\/08\/69257251_2868544036493066_8825708741564301312_n-768x576.jpg 768w\" sizes=\"auto, (max-width: 960px) 100vw, 960px\" \/><\/figure>\n\n\n\n<p><em>Assista a entrevista com a representante da MIRA-SERRA:<\/em><\/p>\n\n\n\n<figure class=\"wp-block-embed-facebook wp-block-embed is-type-video is-provider-facebook\"><div class=\"wp-block-embed__wrapper\">\n<div id=\"fb-root\"><\/div><script async=\"1\" defer=\"1\" crossorigin=\"anonymous\" src=\"https:\/\/connect.facebook.net\/en_US\/sdk.js#xfbml=1&amp;version=v4.0\"><\/script><div class=\"fb-video\" data-href=\"https:\/\/www.facebook.com\/silvia.franzmarcuzzo\/videos\/3053062744736228\/?t=5\" data-width=\"800\"><blockquote cite=\"https:\/\/www.facebook.com\/silvia.franzmarcuzzo\/videos\/3053062744736228\/\" class=\"fb-xfbml-parse-ignore\"><a href=\"https:\/\/www.facebook.com\/silvia.franzmarcuzzo\/videos\/3053062744736228\/\"><\/a><p>Entrevista com a Lisiane Becker, da Mira -Serra e da Rede de ONGs da Mata Atl\u00e2ntica e da Reserva da Biosfera da Mata Atl\u00e2ntica sobre a.mina Gua\u00edba<\/p>Posted by <a href=\"https:\/\/www.facebook.com\/silvia.franzmarcuzzo\">Silvia Franz Marcuzzo<\/a> on Tuesday, August 20, 2019<\/blockquote><\/div>\n<\/div><\/figure>\n","protected":false},"excerpt":{"rendered":"<p>Integrando o inqu\u00e9rito civil, no Minist\u00e9rio P\u00fablico Estadual, a audi\u00eancia p\u00fablica sobre o projeto Mina Gua\u00edba contou com a presen\u00e7a<\/p>\n","protected":false},"author":1,"featured_media":1950,"comment_status":"closed","ping_status":"closed","sticky":false,"template":"","format":"standard","meta":{"colormag_page_container_layout":"default_layout","colormag_page_sidebar_layout":"default_layout","_themeisle_gutenberg_block_has_review":false,"footnotes":""},"categories":[26,27],"tags":[],"class_list":["post-1946","post","type-post","status-publish","format-standard","has-post-thumbnail","hentry","category-eventos","category-megamineracao"],"_links":{"self":[{"href":"https:\/\/miraserra.org.br\/index.php\/wp-json\/wp\/v2\/posts\/1946","targetHints":{"allow":["GET"]}}],"collection":[{"href":"https:\/\/miraserra.org.br\/index.php\/wp-json\/wp\/v2\/posts"}],"about":[{"href":"https:\/\/miraserra.org.br\/index.php\/wp-json\/wp\/v2\/types\/post"}],"author":[{"embeddable":true,"href":"https:\/\/miraserra.org.br\/index.php\/wp-json\/wp\/v2\/users\/1"}],"replies":[{"embeddable":true,"href":"https:\/\/miraserra.org.br\/index.php\/wp-json\/wp\/v2\/comments?post=1946"}],"version-history":[{"count":3,"href":"https:\/\/miraserra.org.br\/index.php\/wp-json\/wp\/v2\/posts\/1946\/revisions"}],"predecessor-version":[{"id":1969,"href":"https:\/\/miraserra.org.br\/index.php\/wp-json\/wp\/v2\/posts\/1946\/revisions\/1969"}],"wp:featuredmedia":[{"embeddable":true,"href":"https:\/\/miraserra.org.br\/index.php\/wp-json\/wp\/v2\/media\/1950"}],"wp:attachment":[{"href":"https:\/\/miraserra.org.br\/index.php\/wp-json\/wp\/v2\/media?parent=1946"}],"wp:term":[{"taxonomy":"category","embeddable":true,"href":"https:\/\/miraserra.org.br\/index.php\/wp-json\/wp\/v2\/categories?post=1946"},{"taxonomy":"post_tag","embeddable":true,"href":"https:\/\/miraserra.org.br\/index.php\/wp-json\/wp\/v2\/tags?post=1946"}],"curies":[{"name":"wp","href":"https:\/\/api.w.org\/{rel}","templated":true}]}}