{"id":1951,"date":"2019-08-21T00:17:07","date_gmt":"2019-08-21T03:17:07","guid":{"rendered":"http:\/\/miraserra.org.br\/?p=1951"},"modified":"2019-08-26T00:24:24","modified_gmt":"2019-08-26T03:24:24","slug":"sao-paulo-discute-participacao-social","status":"publish","type":"post","link":"https:\/\/miraserra.org.br\/index.php\/2019\/08\/21\/sao-paulo-discute-participacao-social\/","title":{"rendered":"S\u00e3o Paulo discute participa\u00e7\u00e3o social"},"content":{"rendered":"\n<figure class=\"wp-block-image\"><img loading=\"lazy\" decoding=\"async\" width=\"1024\" height=\"498\" src=\"http:\/\/miraserra.org.br\/wp-content\/uploads\/2019\/08\/68733645_2874456009235202_5268377391180283904_o-1024x498.jpg\" alt=\"\" class=\"wp-image-1952\" srcset=\"https:\/\/miraserra.org.br\/wp-content\/uploads\/2019\/08\/68733645_2874456009235202_5268377391180283904_o-1024x498.jpg 1024w, https:\/\/miraserra.org.br\/wp-content\/uploads\/2019\/08\/68733645_2874456009235202_5268377391180283904_o-300x146.jpg 300w, https:\/\/miraserra.org.br\/wp-content\/uploads\/2019\/08\/68733645_2874456009235202_5268377391180283904_o-768x373.jpg 768w, https:\/\/miraserra.org.br\/wp-content\/uploads\/2019\/08\/68733645_2874456009235202_5268377391180283904_o.jpg 1316w\" sizes=\"auto, (max-width: 1024px) 100vw, 1024px\" \/><\/figure>\n\n\n\n<p> A presidente da MIRA-SERRA integrou painel no evento &#8221; <em>Participa\u00e7\u00e3o Social em Conselhos Ambientais: aspectos legais e conceituais<\/em>&#8220;, no Minist\u00e9rio P\u00fablico de S\u00e3o Paulo (21\/8). <\/p>\n\n\n\n<div class=\"wp-block-image\"><figure class=\"alignright is-resized\"><img loading=\"lazy\" decoding=\"async\" src=\"http:\/\/miraserra.org.br\/wp-content\/uploads\/2019\/08\/68950127_2874455959235207_4269120187107639296_n.jpg\" alt=\"\" class=\"wp-image-1953\" width=\"294\" height=\"315\" srcset=\"https:\/\/miraserra.org.br\/wp-content\/uploads\/2019\/08\/68950127_2874455959235207_4269120187107639296_n.jpg 894w, https:\/\/miraserra.org.br\/wp-content\/uploads\/2019\/08\/68950127_2874455959235207_4269120187107639296_n-279x300.jpg 279w, https:\/\/miraserra.org.br\/wp-content\/uploads\/2019\/08\/68950127_2874455959235207_4269120187107639296_n-768x825.jpg 768w\" sizes=\"auto, (max-width: 294px) 100vw, 294px\" \/><\/figure><\/div>\n\n\n\n<p>Abordou o tema &#8220;Desafios para a participa\u00e7\u00e3o da representa\u00e7\u00e3o ambientalista no CONSEMA-RS&#8221;.<\/p>\n\n\n\n<figure class=\"wp-block-embed-facebook wp-block-embed is-type-video is-provider-facebook\"><div class=\"wp-block-embed__wrapper\">\n<div id=\"fb-root\"><\/div><script async=\"1\" defer=\"1\" crossorigin=\"anonymous\" src=\"https:\/\/connect.facebook.net\/en_US\/sdk.js#xfbml=1&amp;version=v4.0\"><\/script><div class=\"fb-video\" data-href=\"https:\/\/www.facebook.com\/ONGMiraSerra\/videos\/630851030775040\/\" data-width=\"800\"><blockquote cite=\"https:\/\/www.facebook.com\/ONGMiraSerra\/videos\/630851030775040\/\" class=\"fb-xfbml-parse-ignore\"><a href=\"https:\/\/www.facebook.com\/ONGMiraSerra\/videos\/630851030775040\/\"><\/a><p><\/p>Posted by <a href=\"https:\/\/www.facebook.com\/ONGMiraSerra\/\">ONG Mira-Serra<\/a> on Friday, August 23, 2019<\/blockquote><\/div>\n<\/div><\/figure>\n\n\n\n<p> O dia foi de muitas contribui\u00e7\u00f5es \u00e0 atual conjuntura. <\/p>\n\n\n\n<p>Agradecimentos ao PROAM, entidade \u00e0 frente da mobiliza\u00e7\u00e3o ambientalista nacional.<\/p>\n","protected":false},"excerpt":{"rendered":"<p>A presidente da MIRA-SERRA integrou painel no evento &#8221; Participa\u00e7\u00e3o Social em Conselhos Ambientais: aspectos legais e conceituais&#8220;, no Minist\u00e9rio<\/p>\n","protected":false},"author":1,"featured_media":1952,"comment_status":"closed","ping_status":"closed","sticky":false,"template":"","format":"standard","meta":{"colormag_page_container_layout":"default_layout","colormag_page_sidebar_layout":"default_layout","_themeisle_gutenberg_block_has_review":false,"footnotes":""},"categories":[26,73],"tags":[138,140,139,134],"class_list":["post-1951","post","type-post","status-publish","format-standard","has-post-thumbnail","hentry","category-eventos","category-noticias","tag-conselhos","tag-legislacao","tag-politicas-publicas","tag-proam"],"_links":{"self":[{"href":"https:\/\/miraserra.org.br\/index.php\/wp-json\/wp\/v2\/posts\/1951","targetHints":{"allow":["GET"]}}],"collection":[{"href":"https:\/\/miraserra.org.br\/index.php\/wp-json\/wp\/v2\/posts"}],"about":[{"href":"https:\/\/miraserra.org.br\/index.php\/wp-json\/wp\/v2\/types\/post"}],"author":[{"embeddable":true,"href":"https:\/\/miraserra.org.br\/index.php\/wp-json\/wp\/v2\/users\/1"}],"replies":[{"embeddable":true,"href":"https:\/\/miraserra.org.br\/index.php\/wp-json\/wp\/v2\/comments?post=1951"}],"version-history":[{"count":1,"href":"https:\/\/miraserra.org.br\/index.php\/wp-json\/wp\/v2\/posts\/1951\/revisions"}],"predecessor-version":[{"id":1956,"href":"https:\/\/miraserra.org.br\/index.php\/wp-json\/wp\/v2\/posts\/1951\/revisions\/1956"}],"wp:featuredmedia":[{"embeddable":true,"href":"https:\/\/miraserra.org.br\/index.php\/wp-json\/wp\/v2\/media\/1952"}],"wp:attachment":[{"href":"https:\/\/miraserra.org.br\/index.php\/wp-json\/wp\/v2\/media?parent=1951"}],"wp:term":[{"taxonomy":"category","embeddable":true,"href":"https:\/\/miraserra.org.br\/index.php\/wp-json\/wp\/v2\/categories?post=1951"},{"taxonomy":"post_tag","embeddable":true,"href":"https:\/\/miraserra.org.br\/index.php\/wp-json\/wp\/v2\/tags?post=1951"}],"curies":[{"name":"wp","href":"https:\/\/api.w.org\/{rel}","templated":true}]}}